{"id":868,"date":"2012-06-11T08:00:55","date_gmt":"2012-06-11T08:00:55","guid":{"rendered":"http:\/\/www.encontrasorocaba.com.br\/noticias\/?p=868"},"modified":"2019-04-15T13:32:51","modified_gmt":"2019-04-15T13:32:51","slug":"sorocaba-realiza-encontro-para-discutir-violencia-domestica","status":"publish","type":"post","link":"https:\/\/www.encontrasorocaba.com.br\/sobre\/sorocaba-realiza-encontro-para-discutir-violencia-domestica\/","title":{"rendered":"Sorocaba realiza encontro para discutir viol\u00eancia dom\u00e9stica"},"content":{"rendered":"<div class=\"bf54deaa11a4587a41abacdf5428af85\" data-index=\"1\" style=\"float: none; margin:0px;\">\n<!-- Anuncio display - global -->\r\n<ins class=\"adsbygoogle\"\r\n     style=\"display:block\"\r\n     data-ad-client=\"ca-pub-8585364105181520\"\r\n     data-ad-slot=\"8789329856\"\r\n     data-ad-format=\"auto\"\r\n     data-full-width-responsive=\"true\"><\/ins>\r\n<script>\r\n     (adsbygoogle = window.adsbygoogle || []).push({});\r\n<\/script>\n<\/div>\n<p>Na pr\u00f3xima quarta-feira (13), Sorocaba vai realizar um encontro para discutir a viol\u00eancia dom\u00e9stica. O evento \u00e9 voltado a profissionais ligados \u00e0 assist\u00eancia \u00e0 mulher, autoridades e estudantes universit\u00e1rios. Entre os palestrantes, est\u00e3o psic\u00f3logos, promotores de Justi\u00e7a e v\u00edtimas da viol\u00eancia dom\u00e9stica.<\/p>\n<p>O tema do encontro \u00e9 &#8220;Corte o mal pela raiz &#8211; diga n\u00e3o \u00e0 viol\u00eancia dom\u00e9stica&#8221; e vai come\u00e7ar a partir das 09h, no audit\u00f3rio da Faculdade de Direito de Sorocaba.<\/p>\n<p>Os interessados t\u00eam at\u00e9 o dia 12 de junho para fazer a inscri\u00e7\u00e3o e as vagas s\u00e3o limitadas. Para se inscrever \u00e9 preciso ligar para o n\u00famero (15) 3233-7370.<\/p>\n<p><em>Fonte: G1.com<\/em><\/p>\n\n<div style=\"font-size: 0px; height: 0px; line-height: 0px; margin: 0; padding: 0; clear: both;\"><\/div>","protected":false},"excerpt":{"rendered":"<p>Na pr\u00f3xima quarta-feira (13), Sorocaba vai realizar um encontro para discutir a viol\u00eancia dom\u00e9stica. O evento \u00e9 voltado a profissionais ligados \u00e0 assist\u00eancia \u00e0 mulher, autoridades e estudantes universit\u00e1rios. Entre os palestrantes, est\u00e3o psic\u00f3logos, promotores de Justi\u00e7a e v\u00edtimas da viol\u00eancia dom\u00e9stica. O tema do encontro \u00e9 &#8220;Corte o mal pela raiz &#8211; diga n\u00e3o \u00e0 viol\u00eancia dom\u00e9stica&#8221; e vai come\u00e7ar a partir das 09h, no audit\u00f3rio da Faculdade de Direito de Sorocaba. Os interessados t\u00eam at\u00e9 o dia 12 de junho para fazer a inscri\u00e7\u00e3o e as vagas s\u00e3o limitadas. Para se inscrever \u00e9 preciso ligar para o n\u00famero <\/p>\n","protected":false},"author":1,"featured_media":0,"comment_status":"open","ping_status":"closed","sticky":false,"template":"","format":"standard","meta":{"footnotes":""},"categories":[6],"tags":[14],"class_list":["post-868","post","type-post","status-publish","format-standard","hentry","category-noticias-em-sorocaba","tag-sorocaba"],"_links":{"self":[{"href":"https:\/\/www.encontrasorocaba.com.br\/sobre\/wp-json\/wp\/v2\/posts\/868","targetHints":{"allow":["GET"]}}],"collection":[{"href":"https:\/\/www.encontrasorocaba.com.br\/sobre\/wp-json\/wp\/v2\/posts"}],"about":[{"href":"https:\/\/www.encontrasorocaba.com.br\/sobre\/wp-json\/wp\/v2\/types\/post"}],"author":[{"embeddable":true,"href":"https:\/\/www.encontrasorocaba.com.br\/sobre\/wp-json\/wp\/v2\/users\/1"}],"replies":[{"embeddable":true,"href":"https:\/\/www.encontrasorocaba.com.br\/sobre\/wp-json\/wp\/v2\/comments?post=868"}],"version-history":[{"count":0,"href":"https:\/\/www.encontrasorocaba.com.br\/sobre\/wp-json\/wp\/v2\/posts\/868\/revisions"}],"wp:attachment":[{"href":"https:\/\/www.encontrasorocaba.com.br\/sobre\/wp-json\/wp\/v2\/media?parent=868"}],"wp:term":[{"taxonomy":"category","embeddable":true,"href":"https:\/\/www.encontrasorocaba.com.br\/sobre\/wp-json\/wp\/v2\/categories?post=868"},{"taxonomy":"post_tag","embeddable":true,"href":"https:\/\/www.encontrasorocaba.com.br\/sobre\/wp-json\/wp\/v2\/tags?post=868"}],"curies":[{"name":"wp","href":"https:\/\/api.w.org\/{rel}","templated":true}]}}