{"id":8615,"date":"2026-09-03T02:39:42","date_gmt":"2026-09-03T05:39:42","guid":{"rendered":"https:\/\/www.encontrasorocaba.com.br\/sobre\/confira-a-agenda-do-procon-movel-para-os-proximos-dias\/"},"modified":"2026-09-03T02:39:42","modified_gmt":"2026-09-03T05:39:42","slug":"confira-a-agenda-do-procon-movel-para-os-proximos-dias","status":"publish","type":"post","link":"https:\/\/www.encontrasorocaba.com.br\/sobre\/confira-a-agenda-do-procon-movel-para-os-proximos-dias\/","title":{"rendered":"Confira a agenda do Procon M\u00f3vel para os pr\u00f3ximos dias"},"content":{"rendered":"<div class=\"bf54deaa11a4587a41abacdf5428af85\" data-index=\"1\" style=\"float: none; margin:0px;\">\n<!-- Anuncio display - global -->\r\n<ins class=\"adsbygoogle\"\r\n     style=\"display:block\"\r\n     data-ad-client=\"ca-pub-8585364105181520\"\r\n     data-ad-slot=\"8789329856\"\r\n     data-ad-format=\"auto\"\r\n     data-full-width-responsive=\"true\"><\/ins>\r\n<script>\r\n     (adsbygoogle = window.adsbygoogle || []).push({});\r\n<\/script>\n<\/div>\n<h2>O que \u00e9 o Procon M\u00f3vel?<\/h2>\n<p>O Procon M\u00f3vel \u00e9 uma unidade itinerante que realiza atendimentos relacionados aos direitos do consumidor. Este servi\u00e7o visa levar informa\u00e7\u00f5es e suporte a diferentes regi\u00f5es da cidade, facilitando o acesso da popula\u00e7\u00e3o a orienta\u00e7\u00f5es sobre suas quest\u00f5es consumeristas. Com uma equipe capacitada, o Procon M\u00f3vel busca promover a defesa dos direitos dos cidad\u00e3os, de forma acess\u00edvel e pr\u00e1tica.<\/p>\n<h2>Benef\u00edcios do Atendimento Itinerante<\/h2>\n<p>A presen\u00e7a do Procon M\u00f3vel em v\u00e1rias localidades traz diversos benef\u00edcios:<\/p>\n<ul>\n<li><strong>Acessibilidade:<\/strong> Os servi\u00e7os s\u00e3o levados at\u00e9 a popula\u00e7\u00e3o, alcan\u00e7ando \u00e1reas que muitas vezes n\u00e3o t\u00eam acesso f\u00e1cil \u00e0 sede do Procon.<\/li>\n<li><strong>Comodidade:<\/strong> Os consumidores podem obter atendimento sem a necessidade de agendamento, tornando o processo mais simples.<\/li>\n<li><strong>Informa\u00e7\u00e3o \u00e0 Comunidade:<\/strong> Atrav\u00e9s de palestras e orienta\u00e7\u00f5es, a popula\u00e7\u00e3o \u00e9 conscientizada sobre seus direitos e deveres como consumidores.<\/li>\n<li><strong>Resolu\u00e7\u00e3o de Conflitos:<\/strong> O Procon M\u00f3vel tamb\u00e9m auxilia na renegocia\u00e7\u00e3o de d\u00edvidas e no Programa de Apoio ao Superendividado (PAS), ajudando os consumidores que est\u00e3o enfrentando dificuldades financeiras.<\/li>\n<\/ul>\n<h2>Locais e Datas de Atendimento<\/h2>\n<p>O Procon M\u00f3vel atender\u00e1 a popula\u00e7\u00e3o em cinco locais diferentes entre os dias 31 de agosto e 5 de setembro. Confira a programa\u00e7\u00e3o:<\/p>\n<p><img decoding=\"async\" src=\"https:\/\/www.encontrasorocaba.com.br\/sobre\/wp-content\/uploads\/confira-a-agenda-do-procon-movel-para-os-proximos-dias.webp\" alt=\"agendamento Procon M\u00f3vel\" loading=\"lazy\" \/><\/p>\n<ul>\n<li><strong>31 de agosto (segunda-feira):<\/strong> Recreio dos Sorocabanos, Rua Seraphim Banietti, 327, a partir das 16h.<\/li>\n<li><strong>1 de setembro (ter\u00e7a-feira):<\/strong> Wanel Ville, esquina das Ruas Arnaldo Herbest e Valmir Vit\u00f3rio Segura, a partir das 16h.<\/li>\n<li><strong>2 de setembro (quarta-feira):<\/strong> Ao lado do Teatro Municipal Teot\u00f4nio Vilela, Avenida Engenheiro Carlos Reinaldo Mendes, s\/n, Alto da Boa Vista, das 8h \u00e0s 16h.<\/li>\n<li><strong>3 de setembro (quinta-feira):<\/strong> Ipanema Ville, \u00e1rea p\u00fablica da Rua Augusto Cleis, a partir das 9h.<\/li>\n<li><strong>4 de setembro (sexta-feira):<\/strong> Pra\u00e7a Coronel Fernando Prestes, Centro, das 9h \u00e0s 13h.<\/li>\n<\/ul>\n<h2>Servi\u00e7os Oferecidos<\/h2>\n<p>No Procon M\u00f3vel, os cidad\u00e3os poder\u00e3o acessar uma gama de servi\u00e7os, incluindo:<\/p>\n<ul>\n<li>Atendimentos relacionados aos direitos do consumidor, como reclama\u00e7\u00f5es e orienta\u00e7\u00f5es.<\/li>\n<li>P\u00fablico pode participar do Programa de Apoio ao Superendividado (PAS).<\/li>\n<li>Negocia\u00e7\u00e3o de d\u00edvidas pendentes com orienta\u00e7\u00f5es sobre como recuperar a sa\u00fade financeira.<\/li>\n<li>Informa\u00e7\u00f5es sobre leis e normativas que protegem o consumidor.<\/li>\n<\/ul>\n<h2>Programas de Apoio aos Consumidores<\/h2>\n<p>Al\u00e9m dos servi\u00e7os gerais, o Procon M\u00f3vel tamb\u00e9m faz parte de iniciativas importantes, como o Programa de Apoio ao Superendividado (PAS), que visa ajudar consumidores que se encontram em situa\u00e7\u00f5es financeiras dif\u00edceis. Esse programa oferece:<\/p>\n<ul>\n<li>Orienta\u00e7\u00f5es sobre como administrar d\u00edvidas.<\/li>\n<li>Instru\u00e7\u00e3o sobre t\u00e9cnicas de negocia\u00e7\u00e3o com credores.<\/li>\n<li>Oficinas e palestras educativas que promovem a reeduca\u00e7\u00e3o financeira.<\/li>\n<\/ul>\n<h2>Como Acessar os Servi\u00e7os<\/h2>\n<p>Os servi\u00e7os do Procon M\u00f3vel s\u00e3o acess\u00edveis a qualquer cidad\u00e3o que deseje informar-se sobre seus direitos. N\u00e3o \u00e9 necess\u00e1rio fazer agendamento pr\u00e9vio, basta comparecer a uma das localidades e hor\u00e1rios indicados na programa\u00e7\u00e3o. A equipe estar\u00e1 dispon\u00edvel para oferecer assist\u00eancia e responder a questionamentos.<\/p>\n<h2>Hor\u00e1rios de Funcionamento<\/h2>\n<p>O Procon M\u00f3vel funcionar\u00e1 em hor\u00e1rios variados conforme o local do atendimento. Veja os hor\u00e1rios:<\/p>\n<ul>\n<li>Atendimentos no per\u00edodo da tarde geralmente come\u00e7am a partir das 16h.<\/li>\n<li>Pela manh\u00e3, alguns locais abrem \u00e0s 8h, enquanto outros iniciam \u00e0s 9h.<\/li>\n<li>O atendimento se estende at\u00e9 as 16h ou 13h, conforme a programa\u00e7\u00e3o dos dias espec\u00edficos.<\/li>\n<\/ul>\n<h2>Atendimento Presencial na Sede<\/h2>\n<p>Al\u00e9m dos atendimentos itinerantes, os cidad\u00e3os tamb\u00e9m podem buscar atendimento presencial na sede do Procon Municipal, localizada na Avenida Ant\u00f4nio Carlos Comitre, 331, Parque Campolim. O hor\u00e1rio de funcionamento na sede \u00e9 de segunda a sexta-feira, das 9h \u00e0s 16h. Al\u00e9m disso, o Procon \u00e9 atendido em diversas Casas do Cidad\u00e3o, que funcionam das 8h \u00e0s 17h e possuem hor\u00e1rios espec\u00edficos para a unidade no P\u00e1tio Cian\u00ea Shopping, onde o atendimento vai das 10h \u00e0s 19h.<\/p>\n<h2>Contato e D\u00favidas Frequentes<\/h2>\n<p>Para quaisquer d\u00favidas ou se voc\u00ea suspeita de pr\u00e1ticas irregulares que violem os direitos do consumidor, \u00e9 poss\u00edvel contatar o Procon Sorocaba. O contato pode ser feito atrav\u00e9s do WhatsApp pelo n\u00famero (15) 99111-7448 ou pelo site oficial do Procon: <a href=\"https:\/\/procon.sorocaba.sp.gov.br\/\">https:\/\/procon.sorocaba.sp.gov.br\/<\/a>.<\/p>\n<h2>Import\u00e2ncia da Defesa do Consumidor<\/h2>\n<p>A prote\u00e7\u00e3o do consumidor \u00e9 um aspecto essencial da sociedade, garantindo que as pessoas tenham seus direitos respeitados em rela\u00e7\u00f5es comerciais. O Procon atua como uma ponte entre o consumidor e as empresas, assegurando que as pr\u00e1ticas de mercado sejam justas e que os consumidores tenham um meio de buscar repara\u00e7\u00e3o quando necess\u00e1rio. A defesa do consumidor fortalece a confian\u00e7a e a justi\u00e7a nas rela\u00e7\u00f5es comerciais, contribuindo para um mercado mais saud\u00e1vel e equilibrado.<\/p>\n\n<div style=\"font-size: 0px; height: 0px; line-height: 0px; margin: 0; padding: 0; clear: both;\"><\/div>","protected":false},"excerpt":{"rendered":"<p>Procon M\u00f3vel proporciona servi\u00e7os essenciais em diversas localidades da cidade.<\/p>\n","protected":false},"author":1,"featured_media":8614,"comment_status":"closed","ping_status":"closed","sticky":false,"template":"","format":"standard","meta":{"footnotes":""},"categories":[34],"tags":[],"class_list":["post-8615","post","type-post","status-publish","format-standard","has-post-thumbnail","hentry","category-servicos-em-sorocaba","has_thumb"],"_links":{"self":[{"href":"https:\/\/www.encontrasorocaba.com.br\/sobre\/wp-json\/wp\/v2\/posts\/8615","targetHints":{"allow":["GET"]}}],"collection":[{"href":"https:\/\/www.encontrasorocaba.com.br\/sobre\/wp-json\/wp\/v2\/posts"}],"about":[{"href":"https:\/\/www.encontrasorocaba.com.br\/sobre\/wp-json\/wp\/v2\/types\/post"}],"author":[{"embeddable":true,"href":"https:\/\/www.encontrasorocaba.com.br\/sobre\/wp-json\/wp\/v2\/users\/1"}],"replies":[{"embeddable":true,"href":"https:\/\/www.encontrasorocaba.com.br\/sobre\/wp-json\/wp\/v2\/comments?post=8615"}],"version-history":[{"count":0,"href":"https:\/\/www.encontrasorocaba.com.br\/sobre\/wp-json\/wp\/v2\/posts\/8615\/revisions"}],"wp:featuredmedia":[{"embeddable":true,"href":"https:\/\/www.encontrasorocaba.com.br\/sobre\/wp-json\/wp\/v2\/media\/8614"}],"wp:attachment":[{"href":"https:\/\/www.encontrasorocaba.com.br\/sobre\/wp-json\/wp\/v2\/media?parent=8615"}],"wp:term":[{"taxonomy":"category","embeddable":true,"href":"https:\/\/www.encontrasorocaba.com.br\/sobre\/wp-json\/wp\/v2\/categories?post=8615"},{"taxonomy":"post_tag","embeddable":true,"href":"https:\/\/www.encontrasorocaba.com.br\/sobre\/wp-json\/wp\/v2\/tags?post=8615"}],"curies":[{"name":"wp","href":"https:\/\/api.w.org\/{rel}","templated":true}]}}