{"id":8595,"date":"2026-08-31T02:38:30","date_gmt":"2026-08-31T05:38:30","guid":{"rendered":"https:\/\/www.encontrasorocaba.com.br\/sobre\/50a-sessao-ordinaria-camara-votara-medidas-de-protecao-as-mulheres-e-atendimento-a-idosos\/"},"modified":"2026-08-31T02:38:30","modified_gmt":"2026-08-31T05:38:30","slug":"50a-sessao-ordinaria-camara-votara-medidas-de-protecao-as-mulheres-e-atendimento-a-idosos","status":"publish","type":"post","link":"https:\/\/www.encontrasorocaba.com.br\/sobre\/50a-sessao-ordinaria-camara-votara-medidas-de-protecao-as-mulheres-e-atendimento-a-idosos\/","title":{"rendered":"50\u00aa SESS\u00c3O ORDIN\u00c1RIA: C\u00e2mara votar\u00e1 medidas de prote\u00e7\u00e3o \u00e0s mulheres e atendimento a idosos"},"content":{"rendered":"<div class=\"bf54deaa11a4587a41abacdf5428af85\" data-index=\"1\" style=\"float: none; margin:0px;\">\n<!-- Anuncio display - global -->\r\n<ins class=\"adsbygoogle\"\r\n     style=\"display:block\"\r\n     data-ad-client=\"ca-pub-8585364105181520\"\r\n     data-ad-slot=\"8789329856\"\r\n     data-ad-format=\"auto\"\r\n     data-full-width-responsive=\"true\"><\/ins>\r\n<script>\r\n     (adsbygoogle = window.adsbygoogle || []).push({});\r\n<\/script>\n<\/div>\n<h2>Abertura da 50\u00aa Sess\u00e3o Ordin\u00e1ria<\/h2>\n<p>A C\u00e2mara Municipal de Sorocaba se prepara para a sua 50\u00aa sess\u00e3o ordin\u00e1ria, que ocorrer\u00e1 no dia 27 de agosto de 2026, \u00e0s 9h. Nessa reuni\u00e3o, importantes temas ser\u00e3o abordados, destacando-se a prote\u00e7\u00e3o dos direitos das mulheres e a aten\u00e7\u00e3o a idosos. A vota\u00e7\u00e3o tamb\u00e9m incluir\u00e1 propostas significativas como a doa\u00e7\u00e3o de postes padr\u00e3o e medidas para preven\u00e7\u00e3o \u00e0 trombofilia durante a gravidez.<\/p>\n<h2>Prote\u00e7\u00e3o \u00e0s Mulheres em Sorocaba<\/h2>\n<p>Um dos t\u00f3picos centrais da pauta ser\u00e1 o Projeto de Lei n\u00ba 585\/2025, que prop\u00f5e a cria\u00e7\u00e3o de um sistema municipal dedicado ao registro e divulga\u00e7\u00e3o de dados sobre a viol\u00eancia enfrentada por mulheres e meninas em Sorocaba. Este projeto visa compilar e disseminar informa\u00e7\u00f5es estat\u00edsticas de maneira acess\u00edvel, potencializando o planejamento da cria\u00e7\u00e3o de pol\u00edticas p\u00fablicas voltadas para o combate \u00e0 viol\u00eancia de g\u00eanero.<\/p>\n<p>O sistema buscar\u00e1 coletar e analisar dados relacionados a diversos tipos de viol\u00eancias, incluindo a f\u00edsica, sexual, psicol\u00f3gica, moral, patrimonial e institucional. Os dados ser\u00e3o obtidos de \u00f3rg\u00e3os municipais, al\u00e9m de institui\u00e7\u00f5es que trabalham na prote\u00e7\u00e3o \u00e0s v\u00edtimas, respeitando sempre a legisla\u00e7\u00e3o relacionada \u00e0 privacidade e prote\u00e7\u00e3o de dados pessoais.<\/p>\n<p><img decoding=\"async\" src=\"https:\/\/www.encontrasorocaba.com.br\/sobre\/wp-content\/uploads\/50-sessao-ordinaria-camara-votara-medidas-de-protecao-as-mulheres-e-atendimento-a-idosos.webp\" alt=\"C\u00e2mara Municipal de Sorocaba\" loading=\"lazy\" \/><\/p>\n<h2>Atendimento Priorit\u00e1rio a Idosos<\/h2>\n<p>Outro projeto relevante em discuss\u00e3o ser\u00e1 o Projeto de Lei n\u00ba 835\/2025, que altera a legisla\u00e7\u00e3o atual para garantir atendimento preferencial a pessoas idosas, especialmente aquelas com 80 anos ou mais. Com essa proposta, a prioridade nos servi\u00e7os p\u00fablicos de sa\u00fade, transporte e assist\u00eancia social ser\u00e1 ampliada.<\/p>\n<p>O projeto estipula que essas pessoas ter\u00e3o o direito de n\u00e3o enfrentar filas comuns e receber atendimento \u00e1gil, incluindo prioriza\u00e7\u00e3o na agendamento de consultas e no acesso a medicamentos. As informa\u00e7\u00f5es sobre essas garantias devem estar vis\u00edveis nos estabelecimentos p\u00fablicos, e o n\u00e3o cumprimento das diretrizes pode levar a penalidades para os respons\u00e1veis.<\/p>\n<h2>O Programa Poste Padr\u00e3o Social<\/h2>\n<p>Em continuidade \u00e0 sess\u00e3o, ser\u00e1 debatido o Projeto de Lei n\u00ba 153\/2026, que introduz o Programa Poste Padr\u00e3o Social. Este programa visa facilitar o acesso \u00e0 energia el\u00e9trica de forma segura e acess\u00edvel para fam\u00edlias de baixa renda na cidade.<\/p>\n<p>A proposta abrange a possibilidade de doa\u00e7\u00e3o de postes padr\u00e3o e estabelece crit\u00e9rios de atendimento a fam\u00edlias cadastradas no Cadastro \u00danico para Programas Sociais do Governo Federal (Cad\u00danico), com renda familiar que n\u00e3o ultrapasse meio sal\u00e1rio m\u00ednimo. As fam\u00edlias que inclu\u00edrem idosos, pessoas com defici\u00eancia ou crian\u00e7as pequenas ter\u00e3o prioridade na sele\u00e7\u00e3o para receber esses postes, promovendo inclus\u00e3o e igualdade de acesso.<\/p>\n<h2>Pol\u00edtica de Preven\u00e7\u00e3o \u00e0 Tromboembolia<\/h2>\n<p>Finalizando a pauta, o Projeto de Lei n\u00ba 227\/2026 apresenta uma pol\u00edtica de informa\u00e7\u00e3o, preven\u00e7\u00e3o e atendimento \u00e0 trombofilia durante a gesta\u00e7\u00e3o. Essa proposta se destina a estabelecer diretrizes que ajudem na identifica\u00e7\u00e3o, acompanhamento e tratamento dessa condi\u00e7\u00e3o nos servi\u00e7os p\u00fablicos de sa\u00fade.<\/p>\n<p>As a\u00e7\u00f5es previstas incluem campanhas educativas, conscientiza\u00e7\u00e3o em unidades de sa\u00fade e a cria\u00e7\u00e3o de materiais informativos. Busca-se, assim, reduzir riscos tanto para a sa\u00fade das m\u00e3es quanto dos beb\u00eas, ampliando o acesso a informa\u00e7\u00f5es essenciais e cuidados durante a gesta\u00e7\u00e3o.<\/p>\n<h2>Import\u00e2ncia da Comunica\u00e7\u00e3o com a Comunidade<\/h2>\n<p>\u00c9 fundamental que a C\u00e2mara Municipal mantenha uma comunica\u00e7\u00e3o clara e efetiva com a popula\u00e7\u00e3o. A disponibiliza\u00e7\u00e3o de informa\u00e7\u00f5es sobre a vota\u00e7\u00e3o de projetos e a transpar\u00eancia nas discuss\u00f5es s\u00e3o aspectos essenciais para fomentar a participa\u00e7\u00e3o ativa dos cidad\u00e3os. Al\u00e9m disso, as redes sociais e plataformas digitais t\u00eam um papel significativo na dissemina\u00e7\u00e3o de informa\u00e7\u00f5es e na intera\u00e7\u00e3o entre a C\u00e2mara e a comunidade.<\/p>\n<h2>Discursos e Projetos dos Vereadores<\/h2>\n<p>Cada vereador desempenha um papel crucial no processo legislativo. Os discursos realizados durante as sess\u00f5es abordam quest\u00f5es relevantes que afetam a coletividade, al\u00e9m de defender projetos que visam o progresso de Sorocaba. A participa\u00e7\u00e3o dos parlamentares nas discuss\u00f5es \u00e9 fundamental para que vozes diversas sejam ouvidas e para que as necessidades da popula\u00e7\u00e3o sejam prioritariamente atendidas.<\/p>\n<h2>A Participa\u00e7\u00e3o da Sociedade nas Decis\u00f5es<\/h2>\n<p>A sociedade civil possui um papel determinante na condu\u00e7\u00e3o das decis\u00f5es pol\u00edticas. A participa\u00e7\u00e3o ativa das pessoas nas reuni\u00f5es e audi\u00eancias p\u00fablicas impulsiona a transpar\u00eancia, garante que as demandas da comunidade sejam consideradas e promove uma gest\u00e3o mais eficiente dos interesses p\u00fablicos. Iniciativas que permitem o di\u00e1logo entre os cidad\u00e3os e os legisladores geram um ambiente favor\u00e1vel \u00e0 cidadania e ao fortalecimento da democracia.<\/p>\n<h2>Desafios na Implementa\u00e7\u00e3o das Medidas<\/h2>\n<p>A implementa\u00e7\u00e3o das propostas em discuss\u00e3o n\u00e3o est\u00e1 isenta de desafios. \u00c9 essencial que a gest\u00e3o municipal esteja preparada para enfrentar resist\u00eancias e adaptar-se \u00e0s diferentes realidades dentro da sociedade sorocabana. O envolvimento de stakeholders, a capacita\u00e7\u00e3o de servidores e a busca por parcerias estrat\u00e9gicas s\u00e3o medidas que devem ser consideradas para garantir o sucesso das iniciativas aprovadas.<\/p>\n<h2>Resultados Esperados para 2026<\/h2>\n<p>Ao final do ciclo legislativo de 2026, espera-se que as medidas votadas e aprovadas tragam melhorias significativas na prote\u00e7\u00e3o dos direitos das mulheres, no atendimento humanizado aos idosos e na qualidade de vida da popula\u00e7\u00e3o em geral. O fortalecimento das pol\u00edticas p\u00fablicas, aliado ao engajamento da sociedade, poder\u00e1 resultar em um ambiente social mais justo e igualit\u00e1rio.<\/p>\n\n<div style=\"font-size: 0px; height: 0px; line-height: 0px; margin: 0; padding: 0; clear: both;\"><\/div>","protected":false},"excerpt":{"rendered":"<p>C\u00e2mara Municipal de Sorocaba aprova medidas inovadoras e essenciais para a cidade.<\/p>\n","protected":false},"author":1,"featured_media":8594,"comment_status":"closed","ping_status":"closed","sticky":false,"template":"","format":"standard","meta":{"footnotes":""},"categories":[6],"tags":[],"class_list":["post-8595","post","type-post","status-publish","format-standard","has-post-thumbnail","hentry","category-noticias-em-sorocaba","has_thumb"],"_links":{"self":[{"href":"https:\/\/www.encontrasorocaba.com.br\/sobre\/wp-json\/wp\/v2\/posts\/8595","targetHints":{"allow":["GET"]}}],"collection":[{"href":"https:\/\/www.encontrasorocaba.com.br\/sobre\/wp-json\/wp\/v2\/posts"}],"about":[{"href":"https:\/\/www.encontrasorocaba.com.br\/sobre\/wp-json\/wp\/v2\/types\/post"}],"author":[{"embeddable":true,"href":"https:\/\/www.encontrasorocaba.com.br\/sobre\/wp-json\/wp\/v2\/users\/1"}],"replies":[{"embeddable":true,"href":"https:\/\/www.encontrasorocaba.com.br\/sobre\/wp-json\/wp\/v2\/comments?post=8595"}],"version-history":[{"count":0,"href":"https:\/\/www.encontrasorocaba.com.br\/sobre\/wp-json\/wp\/v2\/posts\/8595\/revisions"}],"wp:featuredmedia":[{"embeddable":true,"href":"https:\/\/www.encontrasorocaba.com.br\/sobre\/wp-json\/wp\/v2\/media\/8594"}],"wp:attachment":[{"href":"https:\/\/www.encontrasorocaba.com.br\/sobre\/wp-json\/wp\/v2\/media?parent=8595"}],"wp:term":[{"taxonomy":"category","embeddable":true,"href":"https:\/\/www.encontrasorocaba.com.br\/sobre\/wp-json\/wp\/v2\/categories?post=8595"},{"taxonomy":"post_tag","embeddable":true,"href":"https:\/\/www.encontrasorocaba.com.br\/sobre\/wp-json\/wp\/v2\/tags?post=8595"}],"curies":[{"name":"wp","href":"https:\/\/api.w.org\/{rel}","templated":true}]}}