{"id":8545,"date":"2026-08-23T02:37:53","date_gmt":"2026-08-23T05:37:53","guid":{"rendered":"https:\/\/www.encontrasorocaba.com.br\/sobre\/cidades-das-regioes-de-sorocaba-e-jundiai-abrem-postos-de-saude-para-o-dia-d-de-multivacinacao\/"},"modified":"2026-08-23T02:37:53","modified_gmt":"2026-08-23T05:37:53","slug":"cidades-das-regioes-de-sorocaba-e-jundiai-abrem-postos-de-saude-para-o-dia-d-de-multivacinacao","status":"publish","type":"post","link":"https:\/\/www.encontrasorocaba.com.br\/sobre\/cidades-das-regioes-de-sorocaba-e-jundiai-abrem-postos-de-saude-para-o-dia-d-de-multivacinacao\/","title":{"rendered":"Cidades das regi\u00f5es de Sorocaba e Jundia\u00ed abrem postos de sa\u00fade para o Dia &#8216;D&#8217; de Multivacina\u00e7\u00e3o"},"content":{"rendered":"<div class=\"bf54deaa11a4587a41abacdf5428af85\" data-index=\"1\" style=\"float: none; margin:0px;\">\n<!-- Anuncio display - global -->\r\n<ins class=\"adsbygoogle\"\r\n     style=\"display:block\"\r\n     data-ad-client=\"ca-pub-8585364105181520\"\r\n     data-ad-slot=\"8789329856\"\r\n     data-ad-format=\"auto\"\r\n     data-full-width-responsive=\"true\"><\/ins>\r\n<script>\r\n     (adsbygoogle = window.adsbygoogle || []).push({});\r\n<\/script>\n<\/div>\n<h2>O que \u00e9 a Campanha de Multivacina\u00e7\u00e3o?<\/h2>\n<p>A Campanha de Multivacina\u00e7\u00e3o \u00e9 uma iniciativa promovida pelo Minist\u00e9rio da Sa\u00fade e pelas Secretarias de Sa\u00fade dos estados e munic\u00edpios para atualizar as vacinas de crian\u00e7as e adolescentes. Esta campanha \u00e9 essencial para garantir que todos os jovens recebam as imuniza\u00e7\u00f5es necess\u00e1rias contra diversas doen\u00e7as. Ao longo do tempo, o calend\u00e1rio vaccinal pode mudar, e as campanhas de multivacina\u00e7\u00e3o garantem que as crian\u00e7as e adolescentes estejam protegidos.<\/p>\n<h2>Quando e onde ocorre o Dia &#8216;D&#8217;<\/h2>\n<p>No dia 22 de agosto de 2026, cidades das regi\u00f5es de Sorocaba e Jundia\u00ed realizar\u00e3o o Dia &#8216;D&#8217; da Campanha de Multivacina\u00e7\u00e3o. Durante este evento, diversas Unidades B\u00e1sicas de Sa\u00fade (UBSs) estar\u00e3o abertas para receber crian\u00e7as e adolescentes, com o objetivo de atualizar suas carteiras de vacina\u00e7\u00e3o. Em Sorocaba, ser\u00e3o 28 das 33 UBSs dispon\u00edveis, funcionando das 10h \u00e0s 16h, onde os moradores poder\u00e3o receber 20 tipos diferentes de vacinas.<\/p>\n<h2>Import\u00e2ncia da Vacina\u00e7\u00e3o<\/h2>\n<p>A vacina\u00e7\u00e3o \u00e9 uma das formas mais eficazes de prevenir doen\u00e7as. Ao vacinar crian\u00e7as e adolescentes, estamos protegendo n\u00e3o apenas a sa\u00fade deles, mas tamb\u00e9m contribuindo para a sa\u00fade p\u00fablica em geral. A imuniza\u00e7\u00e3o ajuda a prevenir surtos de doen\u00e7as que, de outra forma, poderiam se espalhar rapidamente. Atrav\u00e9s da vacina, doen\u00e7as como sarampo, poliomielite e febre amarela podem ser controladas e at\u00e9 mesmo erradicadas, contribuindo para um futuro mais saud\u00e1vel para todos.<\/p>\n<p><img decoding=\"async\" src=\"https:\/\/www.encontrasorocaba.com.br\/sobre\/wp-content\/uploads\/cidades-das-regioes-de-sorocaba-e-jundiai-abrem-postos-de-saude-para-o-dia-d-de-multivacinacao.webp\" alt=\"Multivacina\u00e7\u00e3o\" loading=\"lazy\" \/><\/p>\n<h2>Quem pode se vacinar?<\/h2>\n<p>A campanha \u00e9 direcionada principalmente para crian\u00e7as e adolescentes com idades de at\u00e9 15 anos. No entanto, adultos que estejam com vacinas em atraso tamb\u00e9m t\u00eam a oportunidade de se vacinar. Essa inclus\u00e3o \u00e9 importante para alcan\u00e7ar um p\u00fablico mais amplo e garantir que todos estejam protegidos contra doen\u00e7as.<\/p>\n<h2>Tipos de vacinas dispon\u00edveis<\/h2>\n<p>Durante o Dia &#8216;D&#8217;, 20 tipos diferentes de vacinas estar\u00e3o dispon\u00edveis, abrangendo imuniza\u00e7\u00f5es essenciais como:<\/p>\n<ul>\n<li>Poliomielite<\/li>\n<li>Sarampo<\/li>\n<li>Febre amarela<\/li>\n<li>Meningite<\/li>\n<li>Gripe (Influenza)<\/li>\n<li>COVID-19<\/li>\n<li>HPV<\/li>\n<li>Entre outras<\/li>\n<\/ul>\n<h2>Documentos necess\u00e1rios para a vacina\u00e7\u00e3o<\/h2>\n<p>Para ser vacinado, \u00e9 importante que os pais ou respons\u00e1veis levem os seguintes documentos:<\/p>\n<ul>\n<li>Caderneta de vacina\u00e7\u00e3o da crian\u00e7a ou adolescente<\/li>\n<li>Documento oficial com foto (pode ser o RG ou a carteira de vacina\u00e7\u00e3o com foto)<\/li>\n<li>CPF da crian\u00e7a ou adolescente<\/li>\n<\/ul>\n<p>Com esses documentos em m\u00e3os, a vacina\u00e7\u00e3o poder\u00e1 ser realizada de forma r\u00e1pida e eficiente, garantindo a atualiza\u00e7\u00e3o da carteira de vacina\u00e7\u00e3o.<\/p>\n<h2>Como funciona a avalia\u00e7\u00e3o do hist\u00f3rico vacinal<\/h2>\n<p>A avalia\u00e7\u00e3o do hist\u00f3rico vacinal ser\u00e1 feita por equipes de sa\u00fade nas UBSs. N\u00e3o \u00e9 necess\u00e1rio saber previamente quais vacinas est\u00e3o em atraso, pois as equipes far\u00e3o uma an\u00e1lise individual de cada caso. Os profissionais de sa\u00fade verificar\u00e3o a caderneta de vacina\u00e7\u00e3o e aplicar\u00e3o apenas as doses necess\u00e1rias naquele momento, evitando assim a duplicidade de vacinas e garantindo que cada indiv\u00edduo receba a prote\u00e7\u00e3o apropriada.<\/p>\n<h2>Dicas para garantir a vacina\u00e7\u00e3o<\/h2>\n<p>Para facilitar a vacina\u00e7\u00e3o, aqui est\u00e3o algumas dicas:<\/p>\n<ul>\n<li>Marque a vacina\u00e7\u00e3o na agenda para n\u00e3o esquecer; <\/li>\n<li>Leve toda a documenta\u00e7\u00e3o necess\u00e1ria; <\/li>\n<li>Evite ir em hor\u00e1rios de pico para passar menos tempo na fila; <\/li>\n<li>Mantenha a caderneta de vacina\u00e7\u00e3o sempre atualizada e em local vis\u00edvel; <\/li>\n<li>Converse com seu pediatra sobre vacinas e tire d\u00favidas sobre a import\u00e2ncia delas.<\/li>\n<\/ul>\n<h2>Continua\u00e7\u00e3o da campanha ap\u00f3s o Dia &#8216;D&#8217;<\/h2>\n<p>Ap\u00f3s o Dia &#8216;D&#8217;, a Campanha de Multivacina\u00e7\u00e3o continuar\u00e1 a ser realizada at\u00e9 o dia 1\u00ba de setembro. Durante esse per\u00edodo, os postos de sa\u00fade estar\u00e3o dispon\u00edveis para atendimento de vacina\u00e7\u00e3o de segunda a sexta-feira. Essa flexibilidade \u00e9 importante para garantir que todos tenham a oportunidade de se vacinar, mesmo aqueles que n\u00e3o puderem comparecer no dia da campanha.<\/p>\n<h2>A import\u00e2ncia da sa\u00fade preventiva<\/h2>\n<p>A sa\u00fade preventiva \u00e9 uma parte fundamental para garantir o bem-estar da popula\u00e7\u00e3o. A vacina\u00e7\u00e3o \u00e9 uma das melhores maneiras de evitar o surgimento de doen\u00e7as e garantir um futuro mais saud\u00e1vel para todos. Investir na sa\u00fade preventiva significa promover campanhas de vacina\u00e7\u00e3o, educa\u00e7\u00e3o em sa\u00fade e conscientiza\u00e7\u00e3o sobre a import\u00e2ncia da imuniza\u00e7\u00e3o. Isso gera uma sociedade mais saud\u00e1vel, onde as doen\u00e7as podem ser controladas e a qualidade de vida da popula\u00e7\u00e3o \u00e9 elevada.<\/p>\n\n<div style=\"font-size: 0px; height: 0px; line-height: 0px; margin: 0; padding: 0; clear: both;\"><\/div>","protected":false},"excerpt":{"rendered":"<p>Cidades de Sorocaba e Jundia\u00ed oferecem Multivacina\u00e7\u00e3o para atualizar carteiras.<\/p>\n","protected":false},"author":1,"featured_media":8544,"comment_status":"closed","ping_status":"closed","sticky":false,"template":"","format":"standard","meta":{"footnotes":""},"categories":[25],"tags":[],"class_list":["post-8545","post","type-post","status-publish","format-standard","has-post-thumbnail","hentry","category-saude-em-sorocaba","has_thumb"],"_links":{"self":[{"href":"https:\/\/www.encontrasorocaba.com.br\/sobre\/wp-json\/wp\/v2\/posts\/8545","targetHints":{"allow":["GET"]}}],"collection":[{"href":"https:\/\/www.encontrasorocaba.com.br\/sobre\/wp-json\/wp\/v2\/posts"}],"about":[{"href":"https:\/\/www.encontrasorocaba.com.br\/sobre\/wp-json\/wp\/v2\/types\/post"}],"author":[{"embeddable":true,"href":"https:\/\/www.encontrasorocaba.com.br\/sobre\/wp-json\/wp\/v2\/users\/1"}],"replies":[{"embeddable":true,"href":"https:\/\/www.encontrasorocaba.com.br\/sobre\/wp-json\/wp\/v2\/comments?post=8545"}],"version-history":[{"count":0,"href":"https:\/\/www.encontrasorocaba.com.br\/sobre\/wp-json\/wp\/v2\/posts\/8545\/revisions"}],"wp:featuredmedia":[{"embeddable":true,"href":"https:\/\/www.encontrasorocaba.com.br\/sobre\/wp-json\/wp\/v2\/media\/8544"}],"wp:attachment":[{"href":"https:\/\/www.encontrasorocaba.com.br\/sobre\/wp-json\/wp\/v2\/media?parent=8545"}],"wp:term":[{"taxonomy":"category","embeddable":true,"href":"https:\/\/www.encontrasorocaba.com.br\/sobre\/wp-json\/wp\/v2\/categories?post=8545"},{"taxonomy":"post_tag","embeddable":true,"href":"https:\/\/www.encontrasorocaba.com.br\/sobre\/wp-json\/wp\/v2\/tags?post=8545"}],"curies":[{"name":"wp","href":"https:\/\/api.w.org\/{rel}","templated":true}]}}