{"id":8485,"date":"2026-08-13T02:55:55","date_gmt":"2026-08-13T05:55:55","guid":{"rendered":"https:\/\/www.encontrasorocaba.com.br\/sobre\/protetora-dos-animais-tem-seu-trabalho-reconhecido-com-o-titulo-de-cidada-sorocabana\/"},"modified":"2026-08-13T02:55:55","modified_gmt":"2026-08-13T05:55:55","slug":"protetora-dos-animais-tem-seu-trabalho-reconhecido-com-o-titulo-de-cidada-sorocabana","status":"publish","type":"post","link":"https:\/\/www.encontrasorocaba.com.br\/sobre\/protetora-dos-animais-tem-seu-trabalho-reconhecido-com-o-titulo-de-cidada-sorocabana\/","title":{"rendered":"Protetora dos animais tem seu trabalho reconhecido com o T\u00edtulo de Cidad\u00e3 Sorocabana"},"content":{"rendered":"<div class=\"bf54deaa11a4587a41abacdf5428af85\" data-index=\"1\" style=\"float: none; margin:0px;\">\n<!-- Anuncio display - global -->\r\n<ins class=\"adsbygoogle\"\r\n     style=\"display:block\"\r\n     data-ad-client=\"ca-pub-8585364105181520\"\r\n     data-ad-slot=\"8789329856\"\r\n     data-ad-format=\"auto\"\r\n     data-full-width-responsive=\"true\"><\/ins>\r\n<script>\r\n     (adsbygoogle = window.adsbygoogle || []).push({});\r\n<\/script>\n<\/div>\n<h2>O que \u00e9 a Funda\u00e7\u00e3o Alexandra Schlumberger?<\/h2>\n<p>A <strong>Funda\u00e7\u00e3o Alexandra Schlumberger<\/strong> (FAS) surgiu como uma resposta ao crescente descaso com os direitos dos animais. Fundada em <strong>2002<\/strong> por Eliana Allegretti, a institui\u00e7\u00e3o visa promover o bem-estar animal em Sorocaba e \u00e1reas adjacentes. Ao longo dos anos, a FAS se destacou por suas iniciativas inovadoras e pelo compromisso com a prote\u00e7\u00e3o dos animais, oferecendo servi\u00e7os e programas que buscam melhorar a qualidade de vida desses seres.<\/p>\n<h2>Contribui\u00e7\u00f5es de Eliana Allegretti<\/h2>\n<p>Eliana Allegretti, fundadora e atual presidente, \u00e9 uma figura proeminente na luta pelos direitos dos animais na cidade. Desde sua mudan\u00e7a para Sorocaba em <strong>1983<\/strong>, sua trajet\u00f3ria foi marcada por um intenso envolvimento em causas sociais. Sob sua lideran\u00e7a, a FAS n\u00e3o apenas cresceu em estrutura, mas tamb\u00e9m conquistou um espa\u00e7o de respeito e reconhecimento na comunidade. Eliana \u00e9 descrita como uma pessoa que possui uma profunda sensibilidade social e compromisso com a causa animal.<\/p>\n<h2>Import\u00e2ncia da prote\u00e7\u00e3o animal<\/h2>\n<p>A prote\u00e7\u00e3o animal vai al\u00e9m de um simples dever; ela est\u00e1 no alicerce da conviv\u00eancia humana. O respeito e a prote\u00e7\u00e3o dos direitos dos animais refletem valores de empatia e responsabilidade social. A FAS, atrav\u00e9s de seus programas, busca conscientizar a popula\u00e7\u00e3o sobre a import\u00e2ncia de tratar os animais com dignidade. Essa prote\u00e7\u00e3o implica garantir que os animais recebam os cuidados e a assist\u00eancia necess\u00e1rios, evitando abusos e neglig\u00eancia.<\/p>\n<p><img decoding=\"async\" src=\"https:\/\/www.encontrasorocaba.com.br\/sobre\/wp-content\/uploads\/protetora-dos-animais-tem-seu-trabalho-reconhecido-com-o-titulo-de-cidada-sorocabana.webp\" alt=\"C\u00e2mara Municipal de Sorocaba\" loading=\"lazy\" \/><\/p>\n<h2>A atua\u00e7\u00e3o da Sociedade Protetora dos Animais<\/h2>\n<p>Antes da funda\u00e7\u00e3o da FAS, Eliana j\u00e1 atuava na <strong>Sociedade Protetora dos Animais<\/strong>, onde exerceu a fun\u00e7\u00e3o de presidente e implementou diversas melhorias. A entidade estava passando por um momento cr\u00edtico, e sua lideran\u00e7a foi crucial para assegurar a continuidade dos trabalhos. Durante suas gest\u00f5es, ela focou em oferecer melhores condi\u00e7\u00f5es para os animais e em mobilizar a comunidade para participar da causa.<\/p>\n<h2>Iniciativas pioneiras para ado\u00e7\u00e3o<\/h2>\n<p>Dentre as v\u00e1rias a\u00e7\u00f5es desenvolvidas, a FAS foi precursora em promover feiras de ado\u00e7\u00e3o, que se tornaram eventos regulares na cidade. Essas iniciativas n\u00e3o apenas ajudaram a encontrar lares para animais abandonados, mas tamb\u00e9m conscientizaram a popula\u00e7\u00e3o sobre a responsabilidade de adotar ao inv\u00e9s de comprar. Al\u00e9m disso, a Funda\u00e7\u00e3o realiza atendimentos itinerantes que levam servi\u00e7os veterin\u00e1rios a regi\u00f5es carentes, democratizando o acesso ao cuidado animal.<\/p>\n<h2>Reconhecimento da C\u00e2mara Municipal<\/h2>\n<p>O trabalho incans\u00e1vel de Eliana foi reconhecido em <strong>2026<\/strong>, quando ela recebeu o T\u00edtulo de Cidad\u00e3 Sorocabana em uma cerim\u00f4nia solene realizada pela C\u00e2mara Municipal. Essa homenagem refere-se \u00e0 sua dedica\u00e7\u00e3o e impacto positivo na comunidade, especialmente em rela\u00e7\u00e3o aos direitos dos animais. A presen\u00e7a de amigos e familiares na sess\u00e3o solene reafirmou a relev\u00e2ncia de seu trabalho e a import\u00e2ncia da causa que defende.<\/p>\n<h2>Impacto na comunidade sorocabana<\/h2>\n<p>A atua\u00e7\u00e3o da FAS e de Eliana Allegretti teve um efeito transformador em Sorocaba. O envolvimento da sociedade civil aumentou, e as iniciativas da Funda\u00e7\u00e3o ajudaram a fomentar uma cultura de respeito e prote\u00e7\u00e3o aos animais. O trabalho conjunto com a comunidade \u00e9 vital, pois promove a mudan\u00e7a de mentalidade, levando as pessoas a se posicionarem a favor dos direitos dos animais.<\/p>\n<h2>A trajet\u00f3ria de vida de Eliana<\/h2>\n<p>Desde seu nascimento em <strong>11 de dezembro de 1959<\/strong>, Eliana foi moldada por um forte senso de justi\u00e7a e compaix\u00e3o. Ao longo de sua vida, ela buscou oportunidades de ajudar os outros, o que a levou a se envolver com a prote\u00e7\u00e3o animal. Sua mudan\u00e7a para Sorocaba \u00e9 um marco que a direcionou a essa causa, onde ela encontrou a possibilidade de fazer a diferen\u00e7a.<\/p>\n<h2>Desafios enfrentados na causa animal<\/h2>\n<p>Durante sua trajet\u00f3ria, Eliana enfrentou diversos desafios, como a falta de apoio e compreens\u00e3o sobre a import\u00e2ncia da prote\u00e7\u00e3o animal. Ela teve que lutar contra preconceitos e resist\u00eancias, tanto de autoridades quanto de cidad\u00e3os que n\u00e3o compreendiam a urg\u00eancia da causa. No entanto, sua determina\u00e7\u00e3o e paix\u00e3o pela causa animal a ajudaram a superar esses obst\u00e1culos, criando uma rede de apoio ao redor da FAS.<\/p>\n<h2>A vis\u00e3o de futuro para a Funda\u00e7\u00e3o FAS<\/h2>\n<p>A vis\u00e3o de Eliana para a FAS \u00e9 ambiciosa e inspiradora. Ela sonha em transformar a Funda\u00e7\u00e3o em um hospital veterin\u00e1rio 24 horas, o que refor\u00e7a seu desejo de ampliar o acesso a cuidados de sa\u00fade para animais em Sorocaba. Essa proposta n\u00e3o s\u00f3 demonstra sua vis\u00e3o progressista, mas tamb\u00e9m seu compromisso permanente com o bem-estar animal em todas as esferas da comunidade. A funda\u00e7\u00e3o continuar\u00e1 a expandir seus servi\u00e7os e iniciativas, contribuindo ainda mais para a prote\u00e7\u00e3o dos direitos dos animais e a educa\u00e7\u00e3o da popula\u00e7\u00e3o.<\/p>\n\n<div style=\"font-size: 0px; height: 0px; line-height: 0px; margin: 0; padding: 0; clear: both;\"><\/div>","protected":false},"excerpt":{"rendered":"<p>C\u00e2mara Municipal de Sorocaba destaca Eliana Allegretti como cidad\u00e3 sorocabana.<\/p>\n","protected":false},"author":1,"featured_media":8484,"comment_status":"closed","ping_status":"closed","sticky":false,"template":"","format":"standard","meta":{"footnotes":""},"categories":[6],"tags":[],"class_list":["post-8485","post","type-post","status-publish","format-standard","has-post-thumbnail","hentry","category-noticias-em-sorocaba","has_thumb"],"_links":{"self":[{"href":"https:\/\/www.encontrasorocaba.com.br\/sobre\/wp-json\/wp\/v2\/posts\/8485","targetHints":{"allow":["GET"]}}],"collection":[{"href":"https:\/\/www.encontrasorocaba.com.br\/sobre\/wp-json\/wp\/v2\/posts"}],"about":[{"href":"https:\/\/www.encontrasorocaba.com.br\/sobre\/wp-json\/wp\/v2\/types\/post"}],"author":[{"embeddable":true,"href":"https:\/\/www.encontrasorocaba.com.br\/sobre\/wp-json\/wp\/v2\/users\/1"}],"replies":[{"embeddable":true,"href":"https:\/\/www.encontrasorocaba.com.br\/sobre\/wp-json\/wp\/v2\/comments?post=8485"}],"version-history":[{"count":0,"href":"https:\/\/www.encontrasorocaba.com.br\/sobre\/wp-json\/wp\/v2\/posts\/8485\/revisions"}],"wp:featuredmedia":[{"embeddable":true,"href":"https:\/\/www.encontrasorocaba.com.br\/sobre\/wp-json\/wp\/v2\/media\/8484"}],"wp:attachment":[{"href":"https:\/\/www.encontrasorocaba.com.br\/sobre\/wp-json\/wp\/v2\/media?parent=8485"}],"wp:term":[{"taxonomy":"category","embeddable":true,"href":"https:\/\/www.encontrasorocaba.com.br\/sobre\/wp-json\/wp\/v2\/categories?post=8485"},{"taxonomy":"post_tag","embeddable":true,"href":"https:\/\/www.encontrasorocaba.com.br\/sobre\/wp-json\/wp\/v2\/tags?post=8485"}],"curies":[{"name":"wp","href":"https:\/\/api.w.org\/{rel}","templated":true}]}}