{"id":82,"date":"2011-01-05T21:19:36","date_gmt":"2011-01-05T21:19:36","guid":{"rendered":"http:\/\/www.encontrasorocaba.com.br\/noticias\/?p=82"},"modified":"2019-04-15T13:36:03","modified_gmt":"2019-04-15T13:36:03","slug":"guarda-municipal-encontra-granada-com-rapaz-em-sorocaba","status":"publish","type":"post","link":"https:\/\/www.encontrasorocaba.com.br\/sobre\/guarda-municipal-encontra-granada-com-rapaz-em-sorocaba\/","title":{"rendered":"Guarda Municipal encontra granada com rapaz em Sorocaba"},"content":{"rendered":"<div class=\"bf54deaa11a4587a41abacdf5428af85\" data-index=\"1\" style=\"float: none; margin:0px;\">\n<!-- Anuncio display - global -->\r\n<ins class=\"adsbygoogle\"\r\n     style=\"display:block\"\r\n     data-ad-client=\"ca-pub-8585364105181520\"\r\n     data-ad-slot=\"8789329856\"\r\n     data-ad-format=\"auto\"\r\n     data-full-width-responsive=\"true\"><\/ins>\r\n<script>\r\n     (adsbygoogle = window.adsbygoogle || []).push({});\r\n<\/script>\n<\/div>\n<p>Uma granada foi encontrada pela Guarda Civil Municipal da cidade de Sorocaba, a 99 km de S\u00e3o Paulo, durante uma ronda na madrugada desta quarta-feira (5), em uma ch\u00e1cara na Vila Bar\u00e3o, na Zona Norte da cidade. O artefato estava com um rapaz de 20 anos, que foi preso.<\/p>\n<p>De acordo com a corpora\u00e7\u00e3o, a granada foi colocada em um canto para que fosse avaliada. Policiais militares foram chamados e realizaram o trabalho de inspe\u00e7\u00e3o e desarmamento da bomba. Durante o trabalho dos policiais, a rua permaneceu interditada.<\/p>\n<p>Al\u00e9m do explosivo, foram apreendidas 34 por\u00e7\u00f5es de coca\u00edna, seis de maconha, um rev\u00f3lver calibre 32 e uma moto que havia sido roubada na tarde de segunda. Segundo a pol\u00edcia, o rapaz confessou o crime. Outros tr\u00eas menores foram apreendidos por suspeita de participa\u00e7\u00e3o no roubo do ve\u00edculo.<\/p>\n<p><em>Fonte: G1<\/em><\/p>\n\n<div style=\"font-size: 0px; height: 0px; line-height: 0px; margin: 0; padding: 0; clear: both;\"><\/div>","protected":false},"excerpt":{"rendered":"<p>Uma granada foi encontrada pela Guarda Civil Municipal da cidade de Sorocaba, a 99 km de S\u00e3o Paulo, durante uma ronda na madrugada desta quarta-feira (5), em uma ch\u00e1cara na Vila Bar\u00e3o, na Zona Norte da cidade. O artefato estava com um rapaz de 20 anos, que foi preso. De acordo com a corpora\u00e7\u00e3o, a granada foi colocada em um canto para que fosse avaliada. Policiais militares foram chamados e realizaram o trabalho de inspe\u00e7\u00e3o e desarmamento da bomba. Durante o trabalho dos policiais, a rua permaneceu interditada. Al\u00e9m do explosivo, foram apreendidas 34 por\u00e7\u00f5es de coca\u00edna, seis de maconha, <\/p>\n","protected":false},"author":1,"featured_media":0,"comment_status":"open","ping_status":"closed","sticky":false,"template":"","format":"standard","meta":{"footnotes":""},"categories":[6],"tags":[14],"class_list":["post-82","post","type-post","status-publish","format-standard","hentry","category-noticias-em-sorocaba","tag-sorocaba"],"_links":{"self":[{"href":"https:\/\/www.encontrasorocaba.com.br\/sobre\/wp-json\/wp\/v2\/posts\/82","targetHints":{"allow":["GET"]}}],"collection":[{"href":"https:\/\/www.encontrasorocaba.com.br\/sobre\/wp-json\/wp\/v2\/posts"}],"about":[{"href":"https:\/\/www.encontrasorocaba.com.br\/sobre\/wp-json\/wp\/v2\/types\/post"}],"author":[{"embeddable":true,"href":"https:\/\/www.encontrasorocaba.com.br\/sobre\/wp-json\/wp\/v2\/users\/1"}],"replies":[{"embeddable":true,"href":"https:\/\/www.encontrasorocaba.com.br\/sobre\/wp-json\/wp\/v2\/comments?post=82"}],"version-history":[{"count":0,"href":"https:\/\/www.encontrasorocaba.com.br\/sobre\/wp-json\/wp\/v2\/posts\/82\/revisions"}],"wp:attachment":[{"href":"https:\/\/www.encontrasorocaba.com.br\/sobre\/wp-json\/wp\/v2\/media?parent=82"}],"wp:term":[{"taxonomy":"category","embeddable":true,"href":"https:\/\/www.encontrasorocaba.com.br\/sobre\/wp-json\/wp\/v2\/categories?post=82"},{"taxonomy":"post_tag","embeddable":true,"href":"https:\/\/www.encontrasorocaba.com.br\/sobre\/wp-json\/wp\/v2\/tags?post=82"}],"curies":[{"name":"wp","href":"https:\/\/api.w.org\/{rel}","templated":true}]}}