{"id":7898,"date":"2026-04-24T12:55:39","date_gmt":"2026-04-24T15:55:39","guid":{"rendered":"https:\/\/www.encontrasorocaba.com.br\/sobre\/apos-decisao-do-stf-manga-comemora-retorno-a-prefeitura-e-diz-que-pedira-analise-para-voltar-o-transporte-gratuito-a-estudantes-e-convocacao-de-guardas\/"},"modified":"2026-04-24T12:55:39","modified_gmt":"2026-04-24T15:55:39","slug":"apos-decisao-do-stf-manga-comemora-retorno-a-prefeitura-e-diz-que-pedira-analise-para-voltar-o-transporte-gratuito-a-estudantes-e-convocacao-de-guardas","status":"publish","type":"post","link":"https:\/\/www.encontrasorocaba.com.br\/sobre\/apos-decisao-do-stf-manga-comemora-retorno-a-prefeitura-e-diz-que-pedira-analise-para-voltar-o-transporte-gratuito-a-estudantes-e-convocacao-de-guardas\/","title":{"rendered":"Ap\u00f3s decis\u00e3o do STF, Manga comemora retorno \u00e0 prefeitura e diz que pedir\u00e1 an\u00e1lise para voltar o transporte gratuito a estudantes e convoca\u00e7\u00e3o de guardas"},"content":{"rendered":"<div class=\"bf54deaa11a4587a41abacdf5428af85\" data-index=\"1\" style=\"float: none; margin:0px;\">\n<!-- Anuncio display - global -->\r\n<ins class=\"adsbygoogle\"\r\n     style=\"display:block\"\r\n     data-ad-client=\"ca-pub-8585364105181520\"\r\n     data-ad-slot=\"8789329856\"\r\n     data-ad-format=\"auto\"\r\n     data-full-width-responsive=\"true\"><\/ins>\r\n<script>\r\n     (adsbygoogle = window.adsbygoogle || []).push({});\r\n<\/script>\n<\/div>\n<h2>A Decis\u00e3o do STF e Seu Impacto<\/h2>\n<p>Na ter\u00e7a-feira, 31 de mar\u00e7o, o Supremo Tribunal Federal (STF) decidiu pela suspens\u00e3o do afastamento do prefeito Rodrigo Manga, provocando intensas rea\u00e7\u00f5es por parte da popula\u00e7\u00e3o e l\u00edderes pol\u00edticos de Sorocaba. Este desfecho marcou um momento de celebra\u00e7\u00e3o para Manga, que, ap\u00f3s ser afastado em 6 de novembro de 2025 devido a investiga\u00e7\u00f5es relacionadas a corrup\u00e7\u00e3o na sa\u00fade p\u00fablica, retornou ao cargo. A decis\u00e3o do STF foi baseada na argumenta\u00e7\u00e3o de que a medida inicial representava uma interven\u00e7\u00e3o inadequada na gest\u00e3o da cidade, permitindo a Manga reassumir suas fun\u00e7\u00f5es e continuar seu trabalho na administra\u00e7\u00e3o local.<\/p>\n<h2>Os Planos de Transportes Gratuitos para Estudantes<\/h2>\n<p>Com seu retorno, Rodrigo Manga se mostrou proativo e declarou a inten\u00e7\u00e3o de reanalisar a implementa\u00e7\u00e3o do transporte gratuito para estudantes na cidade. Esta \u00e9 uma quest\u00e3o que tem gerado debates acalorados inclusive entre a popula\u00e7\u00e3o jovem e seus representantes no poder legislativo. O transporte gratuito, inicialmente extinto por motivos financeiros pelo ex-prefeito Fernando Martins, teve grande impacto no dia a dia dos estudantes. Essa decis\u00e3o tinha como objetivo aliviar os estudantes de uma carga extra financeira, especialmente em um momento em que muitos enfrentam dificuldades econ\u00f4micas.<\/p>\n<h2>Convoca\u00e7\u00e3o de Guardas Municipais: O Que Isso Significa?<\/h2>\n<p>Al\u00e9m do transporte, Manga tamb\u00e9m expressou a necessidade de convocar guardas municipais, uma demanda que se arrasta desde a realiza\u00e7\u00e3o do \u00faltimo concurso p\u00fablico. Muitas vagas permanecem abertas, e a comunidade aguarda ansiosamente a contrata\u00e7\u00e3o dos aprovados. Essa convoca\u00e7\u00e3o tem um valor simb\u00f3lico importante, pois visa n\u00e3o apenas refor\u00e7ar a seguran\u00e7a da cidade, mas tamb\u00e9m atender \u00e0s expectativas da popula\u00e7\u00e3o em rela\u00e7\u00e3o a um ambiente mais seguro.<\/p>\n<p><img decoding=\"async\" src=\"https:\/\/www.encontrasorocaba.com.br\/sobre\/wp-content\/uploads\/apos-decisao-do-stf-manga-comemora-retorno-a-prefeitura-e-diz-que-pedira-analise-para-voltar-o-trans.webp\" alt=\"Rodrigo Manga\" loading=\"lazy\" \/><\/p>\n<h2>A Hist\u00f3ria de Rodrigo Manga na Pol\u00edtica<\/h2>\n<p>Rodrigo Manga \u00e9 um pol\u00edtico que se destacou nos \u00faltimos anos com uma presen\u00e7a marcante nas redes sociais, tornando-se um fen\u00f4meno como o &#8220;prefeito tiktoker&#8221;. Antes de sua carreira pol\u00edtica, Manga era conhecido por suas vendas de ve\u00edculos e suas apari\u00e7\u00f5es nos meios de comunica\u00e7\u00e3o, onde demonstrava carisma e uma habilidade not\u00e1vel de se conectar com a audi\u00eancia. Com duas legisla\u00e7\u00f5es anteriores como vereador e sua elei\u00e7\u00e3o como prefeito em 2020, ele rapidamente construiu uma base s\u00f3lida, sendo reeleito em 2024 com uma vota\u00e7\u00e3o expressiva.<\/p>\n<h2>Repercuss\u00e3o do Retorno nas Redes Sociais<\/h2>\n<p>O retorno de Rodrigo Manga \u00e0 prefeitura foi amplamente discutido nas redes sociais. Muitos apoiadores comemoraram a decis\u00e3o do STF, enquanto cr\u00edticos levantaram preocupa\u00e7\u00f5es sobre as investiga\u00e7\u00f5es ainda em andamento e seu impacto na governan\u00e7a da cidade. A presen\u00e7a ativa de Manga nas plataformas digitais lhe conferiu uma audi\u00eancia significativa, transformando suas declara\u00e7\u00f5es e a\u00e7\u00f5es em temas de trending topic na comunidade online. Essa din\u00e2mica \u00e9 fundamental para manter a intera\u00e7\u00e3o e a relev\u00e2ncia pol\u00edtica entre os jovens eleitores.<\/p>\n<h2>Expectativas da Comunidade de Sorocaba<\/h2>\n<p>A expectativa da comunidade de Sorocaba gira em torno de como Rodrigo Manga vai lidar com os desafios administrativos ap\u00f3s sua volta. As promessas de melhorias na sa\u00fade, educa\u00e7\u00e3o e seguran\u00e7a s\u00e3o algumas das prioridades locais. A popula\u00e7\u00e3o aguarda ansiosamente a\u00e7\u00f5es ousadas e efetivas que abordem a d\u00edvida acumulada da cidade, que chega a R$ 750 milh\u00f5es. Essas s\u00e3o quest\u00f5es cr\u00edticas que precisam de solu\u00e7\u00f5es urgentes e bem planejadas.<\/p>\n<h2>Desafios que o Prefeito Enfrentar\u00e1<\/h2>\n<p>Com o retorno ao cargo, Rodrigo Manga n\u00e3o apenas jubila por sua volta, mas tamb\u00e9m herda um cen\u00e1rio repleto de desafios. A popula\u00e7\u00e3o exige respostas claras e a\u00e7\u00f5es imediatas, especialmente em um ano eleitoral. A recupera\u00e7\u00e3o da confian\u00e7a p\u00fablica ser\u00e1 crucial, requerendo que ele demonstre resultados tang\u00edveis rapidamente. O foco no fortalecimento da sa\u00fade p\u00fablica, na educa\u00e7\u00e3o e na seguran\u00e7a municipal ser\u00e1 um dos fatores determinantes para o sucesso de sua nova gest\u00e3o.<\/p>\n<h2>O Caso da Opera\u00e7\u00e3o Copia e Cola<\/h2>\n<p>A Opera\u00e7\u00e3o Copia e Cola, que resultou no afastamento inicial de Manga, permanece um tema de grande relev\u00e2ncia. As investiga\u00e7\u00f5es apontam para suspeitas de corrup\u00e7\u00e3o e m\u00e1 gest\u00e3o dos recursos destinados \u00e0 sa\u00fade p\u00fablica de Sorocaba. O cen\u00e1rio ainda \u00e9 tenso e a administra\u00e7\u00e3o de Manga dever\u00e1 lidar com a sombra desse passado, buscando elucidar as acusa\u00e7\u00f5es e fortalecer a \u00e9tica em sua administra\u00e7\u00e3o. A transpar\u00eancia nas a\u00e7\u00f5es e nas futuras contrata\u00e7\u00f5es ser\u00e3o cruciais para a reabilita\u00e7\u00e3o de sua imagem.<\/p>\n<h2>O Legado de Rodrigo Manga<\/h2>\n<p>O legado de Rodrigo Manga como prefeito est\u00e1 em jogo. Sua habilidade em conectar-se com a comunidade e suas iniciativas voltadas ao p\u00fablico jovem podem ser pontos a favor, mas sua capacidade de navegar por pol\u00edticas complexas e por um ambiente pol\u00edtico inst\u00e1vel pode ser desafiador. A forma como ele lidar\u00e1 com os recursos financeiros da cidade e responder\u00e1 \u00e0s demandas sociais ser\u00e1 observada de perto, e seus resultados ter\u00e3o um impacto no futuro de sua carreira pol\u00edtica.<\/p>\n<h2>O Futuro da Prefeitura de Sorocaba<\/h2>\n<p>O futuro da Prefeitura de Sorocaba sob a lideran\u00e7a de Rodrigo Manga depender\u00e1, em grande parte, de sua capacidade de responder \u00e0s necessidades da comunidade. Ele precisa adotar uma abordagem estrat\u00e9gica, focando n\u00e3o apenas na implementa\u00e7\u00e3o de promessas de campanha como transporte gratuito e seguran\u00e7a, mas tamb\u00e9m na resolu\u00e7\u00e3o de problemas financeiros s\u00e9rios. O engajamento cont\u00ednuo com a popula\u00e7\u00e3o, a abertura para feedback e a transpar\u00eancia em todas as a\u00e7\u00f5es s\u00e3o fatores que podem determinar se sua gest\u00e3o ser\u00e1 bem sucedida ou se enfrentar\u00e1 novos desafios. O caminho \u00e0 frente \u00e9 incerto, mas as promessas s\u00e3o muitas.<\/p>\n\n<div style=\"font-size: 0px; height: 0px; line-height: 0px; margin: 0; padding: 0; clear: both;\"><\/div>","protected":false},"excerpt":{"rendered":"<p>Rodrigo Manga retorna \u00e0 Prefeitura de Sorocaba e traz novidades.<\/p>\n","protected":false},"author":1,"featured_media":7897,"comment_status":"closed","ping_status":"closed","sticky":false,"template":"","format":"standard","meta":{"footnotes":""},"categories":[6],"tags":[],"class_list":["post-7898","post","type-post","status-publish","format-standard","has-post-thumbnail","hentry","category-noticias-em-sorocaba","has_thumb"],"_links":{"self":[{"href":"https:\/\/www.encontrasorocaba.com.br\/sobre\/wp-json\/wp\/v2\/posts\/7898","targetHints":{"allow":["GET"]}}],"collection":[{"href":"https:\/\/www.encontrasorocaba.com.br\/sobre\/wp-json\/wp\/v2\/posts"}],"about":[{"href":"https:\/\/www.encontrasorocaba.com.br\/sobre\/wp-json\/wp\/v2\/types\/post"}],"author":[{"embeddable":true,"href":"https:\/\/www.encontrasorocaba.com.br\/sobre\/wp-json\/wp\/v2\/users\/1"}],"replies":[{"embeddable":true,"href":"https:\/\/www.encontrasorocaba.com.br\/sobre\/wp-json\/wp\/v2\/comments?post=7898"}],"version-history":[{"count":0,"href":"https:\/\/www.encontrasorocaba.com.br\/sobre\/wp-json\/wp\/v2\/posts\/7898\/revisions"}],"wp:featuredmedia":[{"embeddable":true,"href":"https:\/\/www.encontrasorocaba.com.br\/sobre\/wp-json\/wp\/v2\/media\/7897"}],"wp:attachment":[{"href":"https:\/\/www.encontrasorocaba.com.br\/sobre\/wp-json\/wp\/v2\/media?parent=7898"}],"wp:term":[{"taxonomy":"category","embeddable":true,"href":"https:\/\/www.encontrasorocaba.com.br\/sobre\/wp-json\/wp\/v2\/categories?post=7898"},{"taxonomy":"post_tag","embeddable":true,"href":"https:\/\/www.encontrasorocaba.com.br\/sobre\/wp-json\/wp\/v2\/tags?post=7898"}],"curies":[{"name":"wp","href":"https:\/\/api.w.org\/{rel}","templated":true}]}}