{"id":7263,"date":"2025-11-23T10:10:00","date_gmt":"2025-11-23T13:10:00","guid":{"rendered":"https:\/\/www.encontrasorocaba.com.br\/sobre\/18a-sessao-extraordinaria-aprovados-projetos-para-viabilidade-de-novo-sistema-viario-no-municipio\/"},"modified":"2025-11-23T10:10:00","modified_gmt":"2025-11-23T13:10:00","slug":"18a-sessao-extraordinaria-aprovados-projetos-para-viabilidade-de-novo-sistema-viario-no-municipio","status":"publish","type":"post","link":"https:\/\/www.encontrasorocaba.com.br\/sobre\/18a-sessao-extraordinaria-aprovados-projetos-para-viabilidade-de-novo-sistema-viario-no-municipio\/","title":{"rendered":"18\u00aa SESS\u00c3O EXTRAORDIN\u00c1RIA: Aprovados projetos para viabilidade de novo sistema vi\u00e1rio no munic\u00edpio"},"content":{"rendered":"<div class=\"bf54deaa11a4587a41abacdf5428af85\" data-index=\"1\" style=\"float: none; margin:0px;\">\n<!-- Anuncio display - global -->\r\n<ins class=\"adsbygoogle\"\r\n     style=\"display:block\"\r\n     data-ad-client=\"ca-pub-8585364105181520\"\r\n     data-ad-slot=\"8789329856\"\r\n     data-ad-format=\"auto\"\r\n     data-full-width-responsive=\"true\"><\/ins>\r\n<script>\r\n     (adsbygoogle = window.adsbygoogle || []).push({});\r\n<\/script>\n<\/div>\n<h2>Mudan\u00e7as no Sistema Vi\u00e1rio em Sorocaba<\/h2>\n<p>As recentes reformas no sistema vi\u00e1rio de Sorocaba t\u00eam por objetivo principal melhorar a mobilidade urbana e, consequentemente, a qualidade de vida dos cidad\u00e3os. Um dos projetos mais not\u00e1veis \u00e9 a realoca\u00e7\u00e3o de fam\u00edlias residentes em \u00e1reas de risco, que permitir\u00e1 a forma\u00e7\u00e3o de um novo sistema de tr\u00e2nsito, facilitando o acesso e a circula\u00e7\u00e3o de ve\u00edculos na cidade.<\/p>\n<p>O <strong>Projeto de Lei n\u00ba 752\/2025<\/strong> foi um marco nesse processo, visando desafetar terrenos p\u00fablicos para que novos caminhos possam ser constru\u00eddos. Essas \u00e1reas, que antes serviam como locais de lazer e conv\u00edvio, agora ser\u00e3o transformadas em vias que v\u00e3o atender ao crescimento populacional e comercial que Sorocaba experimenta.<\/p>\n<p>Essas mudan\u00e7as s\u00e3o essenciais, uma vez que o aumento do n\u00famero de ve\u00edculos e novos empreendimentos demandam ruas mais largas e bem estruturadas para garantir uma circula\u00e7\u00e3o fluida, reduzindo congestionamentos e melhorando o tempo de deslocamento. A engenharia por tr\u00e1s dessas altera\u00e7\u00f5es se baseia em estudos que identificam os pontos cr\u00edticos da cidade, onde o tr\u00e1fego \u00e9 mais intenso e onde a interven\u00e7\u00e3o se faz mais necess\u00e1ria.<\/p>\n<p><img decoding=\"async\" src=\"https:\/\/www.encontrasorocaba.com.br\/sobre\/wp-content\/uploads\/18-sessao-extraordinaria-aprovados-projetos-para-viabilidade-de-novo-sistema-viario-no-municipio.webp\" alt=\"C\u00e2mara Municipal de Sorocaba\" loading=\"lazy\" \/><\/p>\n<p>A implementa\u00e7\u00e3o do novo sistema vi\u00e1rio n\u00e3o apenas favorece o deslocamento, mas tamb\u00e9m traz alternativas de transporte p\u00fablico mais eficientes, integradas a essas novas rotas. Essa reformula\u00e7\u00e3o pretende n\u00e3o apenas facilitar a mobilidade, mas tamb\u00e9m promover um ambiente urbano mais sustent\u00e1vel, com a inclus\u00e3o de cal\u00e7adas, ciclovias e \u00e1reas verdes que incentivem o uso de meios de transporte alternativos.<\/p>\n<p>A import\u00e2ncia dessas mudan\u00e7as no sistema vi\u00e1rio vai al\u00e9m da mobilidade. Ao realocar fam\u00edlias em \u00e1reas de risco, o munic\u00edpio demonstra seu compromisso com a seguran\u00e7a e bem-estar de seus cidad\u00e3os. As medidas adotadas, como o fornecimento de moradias e aux\u00edlio-moradia, visam garantir que o impacto social dessas mudan\u00e7as seja minimizado e que os direitos de todos os envolvidos sejam respeitados.<\/p>\n<h2>Aumento de Cargos na Sa\u00fade Municipal<\/h2>\n<p>Outro aspecto crucial das recentes delibera\u00e7\u00f5es na C\u00e2mara Municipal de Sorocaba foi o aumento significativo de cargos no setor de sa\u00fade. O <strong>Projeto de Lei n\u00ba 729\/2025<\/strong> introduziu uma amplia\u00e7\u00e3o importante nas vagas de v\u00e1rias profiss\u00f5es ligadas \u00e0 sa\u00fade, incluindo cirurgi\u00f5es-dentistas, m\u00e9dicos veterin\u00e1rios, psic\u00f3logos e t\u00e9cnicos de enfermagem.<\/p>\n<p>Esta decis\u00e3o \u00e9 uma resposta direta ao crescente n\u00famero de habitantes e \u00e0s demandas associadas \u00e0 sa\u00fade p\u00fablica no munic\u00edpio. O aumento da popula\u00e7\u00e3o acarreta em uma maior necessidade de profissionais qualificados que possam atender adequadamente \u00e0 comunidade. Com a amplia\u00e7\u00e3o das vagas, a administra\u00e7\u00e3o municipal espera garantir atendimento de qualidade, promovendo a sa\u00fade e o bem-estar da popula\u00e7\u00e3o.<\/p>\n<p>Com a cria\u00e7\u00e3o de novas vagas para cirurgi\u00f5es-dentistas, por exemplo, a prefeitura visa melhorar o atendimento odontol\u00f3gico, que \u00e9 uma parte fundamental da sa\u00fade. Um sorriso saud\u00e1vel \u00e9 sin\u00f4nimo de qualidade de vida, e a amplia\u00e7\u00e3o de profissionais na \u00e1rea pode significar maiores esfor\u00e7os no combate a doen\u00e7as bucais que afetam uma parte significativa da popula\u00e7\u00e3o.<\/p>\n<p>Al\u00e9m disso, a contrata\u00e7\u00e3o de psic\u00f3logos \u00e9 fundamental em um contexto em que a sa\u00fade mental \u00e9 cada vez mais reconhecida como uma prioridade. O apoio psicol\u00f3gico pode ser vital para a promo\u00e7\u00e3o do bem-estar e na interven\u00e7\u00e3o em situa\u00e7\u00f5es de crise, especialmente em tempos desafiadores. Com mais profissionais dispon\u00edveis, os cidad\u00e3os ter\u00e3o acesso facilitado a esses servi\u00e7os essenciais.<\/p>\n<p>A medida, que se alinha com as estrat\u00e9gias de sa\u00fade mais abrangentes, reflete uma vis\u00e3o proativa da administra\u00e7\u00e3o em reconhecer as necessidades da sa\u00fade p\u00fablica e busc\u00e1-las em tempo real. A qualidade do atendimento n\u00e3o se constr\u00f3i apenas com recursos materiais, mas tamb\u00e9m com equipes capacitadas e valorosas que se dedicam ao cuidado do pr\u00f3ximo.<\/p>\n<h2>Apoio \u00e0 Mobilidade Sustent\u00e1vel<\/h2>\n<p>A mobilidade sustent\u00e1vel \u00e9 um dos pilares fundamentais nas atuais discuss\u00f5es e decis\u00f5es da C\u00e2mara Municipal de Sorocaba. O foco em projetos como o <strong>Parque Linear do Itangu\u00e1<\/strong>, que foi contemplado nas a\u00e7\u00f5es visando a melhoria do sistema vi\u00e1rio e a promo\u00e7\u00e3o de novas \u00e1reas para lazer, reflete essa preocupa\u00e7\u00e3o.<\/p>\n<p>A proposta de incluir ciclovias, pistas de caminhada e espa\u00e7os para conviv\u00eancia traz um conceito inovador de urbaniza\u00e7\u00e3o, onde os cidad\u00e3os s\u00e3o incentivados a optar por meios de transporte sustent\u00e1veis, como bicicletas e caminhadas. Essa mudan\u00e7a n\u00e3o apenas reduz o uso de ve\u00edculos motorizados &#8211; o que resulta na diminui\u00e7\u00e3o de emiss\u00f5es de poluentes &#8211; mas tamb\u00e9m promove um estilo de vida mais saud\u00e1vel e ativo.<\/p>\n<p>Nesse contexto, a C\u00e2mara, com o <strong>Projeto de Lei n\u00ba 754\/2025<\/strong>, destina \u00e1reas espec\u00edficas para a cria\u00e7\u00e3o de infraestrutura que suporte a mobilidade sustent\u00e1vel. Investir em transporte ativo \u00e9 um passo importante para um futuro que prioriza bem-estar e sa\u00fade p\u00fablica, al\u00e9m de um ambiente urbano mais limpo e agrad\u00e1vel.<\/p>\n<p>Com a implementa\u00e7\u00e3o do Parque Linear do Itangu\u00e1, os cidad\u00e3os ter\u00e3o acesso a um espa\u00e7o que n\u00e3o s\u00f3 conserva a natureza, mas que tamb\u00e9m oferece oportunidades para pr\u00e1ticas esportivas e atividades de lazer ao ar livre. Essa sinergia entre \u00e1reas verdes e o tr\u00e1fego urbano agrega valor ao cotidiano dos sorocabanos, promovendo um ambiente equilibrado.<\/p>\n<p>Al\u00e9m disso, as melhorias na mobilidade p\u00fablica est\u00e3o interligadas a essas iniciativas, garantindo que o transporte coletivo se torne uma op\u00e7\u00e3o vi\u00e1vel e eficiente para todos os cidad\u00e3os. A interliga\u00e7\u00e3o entre ciclovias, cal\u00e7adas e pontos de bus\u00e3o deve beneficiar os usu\u00e1rios, promovendo maior fluidez e comodidade no dia a dia.<\/p>\n<h2>Programas de Inclus\u00e3o Social na Cidade<\/h2>\n<p>A inclus\u00e3o social \u00e9 outro aspecto que est\u00e1 sendo fortemente priorizado nas discuss\u00f5es legislativas da C\u00e2mara Municipal de Sorocaba. A aprova\u00e7\u00e3o do <strong>Projeto de Lei n\u00ba 727\/2025<\/strong>, que institui o &#8220;Programa Humaniza\u00e7\u00e3o S\u00e3o Carlo Acutis&#8221;, \u00e9 um exemplo claro desse compromisso. O programa \u00e9 dedicado a atender pessoas em situa\u00e7\u00e3o de rua, assegurar seus direitos e promover a inclus\u00e3o dessa popula\u00e7\u00e3o vulner\u00e1vel.<\/p>\n<p>A proposta de nomear o programa em homenagem a Carlo Acutis, um jovem conhecido por sua bondade e devo\u00e7\u00e3o, serve n\u00e3o somente como uma homenagem, mas simboliza a necessidade de a\u00e7\u00f5es efetivas que acolham e respeitem os direitos desses cidad\u00e3os. O programa visa garantir acesso a servi\u00e7os essenciais, como alimenta\u00e7\u00e3o, moradia e sa\u00fade, al\u00e9m de oportunidades de capacita\u00e7\u00e3o e reintegra\u00e7\u00e3o ao mercado de trabalho.<\/p>\n<p>Os dados indicam que a popula\u00e7\u00e3o em situa\u00e7\u00e3o de rua \u00e9 crescente e, portanto, implementar a\u00e7\u00f5es que promovam a inclus\u00e3o \u00e9 fundamental. Isso envolve a sensibiliza\u00e7\u00e3o da sociedade e o apoio de diversos setores no sentido de transformar a abordagem que se tem em rela\u00e7\u00e3o a essa parcela da popula\u00e7\u00e3o. A vis\u00e3o \u00e9 promover um tratamento digno e apostar em pol\u00edticas que permitam aos indiv\u00edduos recuperar sua autonomia e qualidade de vida.<\/p>\n<p>Um aspecto relevante do programa \u00e9 que ele n\u00e3o se limita a a\u00e7\u00f5es de acolhimento, mas tamb\u00e9m se preocupa em capacitar profissionais que atuar\u00e3o no atendimento a essa popula\u00e7\u00e3o. Essa forma\u00e7\u00e3o n\u00e3o apenas melhora a qualidade do atendimento, mas tamb\u00e9m garante que as necessidades espec\u00edficas das pessoas em situa\u00e7\u00e3o de rua sejam respeitadas e consideradas. O foco em treinamento inclui abordar temas como empatia e \u00e9tica, fundamentais para um atendimento humanizado.<\/p>\n<p>Com iniciativas estruturadas e a sensibiliza\u00e7\u00e3o da popula\u00e7\u00e3o, o Programa Humaniza\u00e7\u00e3o S\u00e3o Carlo Acutis promete ser um passo significativo para transformar a realidade dos sorocabanos em situa\u00e7\u00e3o de vulnerabilidade. A uni\u00e3o entre o poder p\u00fablico e a sociedade civil \u00e9 vital para o sucesso e a efic\u00e1cia das a\u00e7\u00f5es que buscam promover inclus\u00e3o e respeito aos direitos humanos.<\/p>\n<h2>Medidas de Prote\u00e7\u00e3o para Motociclistas<\/h2>\n<p>Com o crescimento do servi\u00e7o de entrega, a C\u00e2mara Municipal de Sorocaba tamb\u00e9m se mostrou atenta \u00e0s necessidades de prote\u00e7\u00e3o e apoio aos motociclistas que atuam nessa \u00e1rea. O <strong>Projeto de Lei n\u00ba 728\/2025<\/strong> traz uma s\u00e9rie de medidas que buscam garantir a seguran\u00e7a dos entregadores, estabelecendo puni\u00e7\u00f5es para atos de agress\u00e3o e medidas protetivas.<\/p>\n<p>Al\u00e9m de criar um quadro legal que responsabiliza agressores, a proposta apresenta um olhar hol\u00edstico para a categoria, reconhecendo a import\u00e2ncia do trabalho dos motociclistas e os riscos associados a essa profiss\u00e3o. Com a inser\u00e7\u00e3o de penas que variam de multas significativas para agress\u00f5es e amea\u00e7as \u00e0 integridade f\u00edsica, o projeto visa criar um ambiente de maior seguran\u00e7a para aqueles que se dedicam a essa fun\u00e7\u00e3o.<\/p>\n<p>As multas institu\u00eddas variam de R$ 1 mil a R$ 50 mil, dependendo da gravidade do ato, implicando um reflexo poderoso para dissuadir poss\u00edveis agressores. Al\u00e9m disso, a inclus\u00e3o de um dispositivo que amplia as penas em casos que envolvem armas ou reincid\u00eancia ilustra a preocupa\u00e7\u00e3o da C\u00e2mara em proteger a classe, que muitas vezes enfrenta situa\u00e7\u00f5es de risco no cumprimento do trabalho.<\/p>\n<p>O reconhecimento do papel dos motociclistas na economia local \u00e9 crucial. Com as recentes mudan\u00e7as no comportamento de consumo, a demanda por entregas r\u00e1pidas aumentou, colocando essa categoria em uma posi\u00e7\u00e3o de destaque. O projeto tamb\u00e9m almeja incentivar um ambiente de trabalho mais seguro e digno, fator fundamental para a valoriza\u00e7\u00e3o desses profissionais.<\/p>\n<p>A prote\u00e7\u00e3o dos direitos dos motociclistas \u00e9 um avan\u00e7o importante para a cidade e reflete uma vis\u00e3o mais inclusiva e segura da mobilidade urbana. As a\u00e7\u00f5es implementadas n\u00e3o podem ser vistas apenas como medidas punitivas, mas sim como um passo fundamental na constru\u00e7\u00e3o de uma cultura de respeito e dignidade para todos os trabalhadores, garantindo que seus direitos e integridade sejam preservados enquanto exercem suas atividades.<\/p>\n<h2>Desafeta\u00e7\u00e3o de Bens P\u00fablicos<\/h2>\n<p>A desafeta\u00e7\u00e3o de bens p\u00fablicos \u00e9 um tema recorrente nas \u00faltimas pautas legislativas da C\u00e2mara Municipal de Sorocaba. Os projetos apresentados, como o <strong>Projeto de Lei n\u00ba 756\/2025<\/strong>, abordam a necessidade de redefinir a utiliza\u00e7\u00e3o de espa\u00e7os que, anteriormente, eram destinados ao lazer ou preserva\u00e7\u00e3o ambiental, permitindo sua ado\u00e7\u00e3o para novas constru\u00e7\u00f5es urbanas.<\/p>\n<p>Essa pr\u00e1tica \u00e9 essencial para adequar a infraestrutura urbana \u00e0s necessidades contempor\u00e2neas. As mudan\u00e7as s\u00e3o chamadas a considerar a din\u00e2mica da cidade, que se v\u00ea em meio a um crescimento acelerado, refletindo diretamente em altera\u00e7\u00f5es no uso do solo e na constru\u00e7\u00e3o civil. As aprova\u00e7\u00f5es das propostas de desafeta\u00e7\u00e3o visam facilitar a implementa\u00e7\u00e3o de sistemas vi\u00e1rios que v\u00e3o atender, de forma eficiente, a popula\u00e7\u00e3o que cresceu substancialmente nos \u00faltimos anos.<\/p>\n<p>Os projetos de desafeta\u00e7\u00e3o frequentemente s\u00e3o discutidos \u00e0 luz de crit\u00e9rios t\u00e9cnicos e sociais. A C\u00e2mara procura garantir que tais medidas n\u00e3o comprometam o acesso a \u00e1reas verdes e espa\u00e7os de lazer, essenciais para a qualidade de vida dos cidad\u00e3os. Por isso, a discuss\u00e3o p\u00fablica \u00e9 fundamental para que a sociedade compreenda os impactos das mudan\u00e7as e possa participar efetivamente do desenvolvimento urbano.<\/p>\n<p>A import\u00e2ncia da supervis\u00e3o e avalia\u00e7\u00e3o de cada projeto impacta diretamente na soubretudo no equil\u00edbrio ambiental e urbano da cidade. As melhorias na mobilidade s\u00e3o essenciais, assim como \u00e9 a preserva\u00e7\u00e3o e valoriza\u00e7\u00e3o dos espa\u00e7os agroculturais que Sorocaba tem a oferecer. Todos os projetos precisam ter em considera\u00e7\u00e3o, n\u00e3o apenas a viabilidade econ\u00f4mica, mas tamb\u00e9m as condi\u00e7\u00f5es locais e as prioridades da popula\u00e7\u00e3o.<\/p>\n<h2>Implanta\u00e7\u00e3o da Marginal Itangu\u00e1<\/h2>\n<p>A Marginal Itangu\u00e1 emerge como um dos principais projetos urban\u00edsticos aprovados pela C\u00e2mara, precisamente com a inten\u00e7\u00e3o de atender as demandas de mobilidade na cidade. O <strong>Projeto de Lei n\u00ba 754\/2025<\/strong> n\u00e3o somente se trata da constru\u00e7\u00e3o de uma nova via, mas integra uma abordagem mais ampla que abarca melhorias em toda a infraestrutura urbana.<\/p>\n<p>A Marginal Itangu\u00e1 est\u00e1 prevista para se estender ao longo de regi\u00f5es estrat\u00e9gicas, interligando diferentes pontos da cidade e otimizando o tr\u00e1fego. O projeto contempla a inclus\u00e3o de cal\u00e7adas, ciclovias, \u00e1reas de lazer e espa\u00e7os p\u00fablicos que visam promover a conviv\u00eancia e o bem-estar dos cidad\u00e3os.<\/p>\n<p>A implanta\u00e7\u00e3o dessa marginal vehicular vem tamb\u00e9m acompanhada de uma preocupa\u00e7\u00e3o em considerar quest\u00f5es ambientais, uma vez que busca integrar \u00e1reas urbanas e preservar espa\u00e7os verdes. Durante a fase de planejamento, levaram-se em conta os aspectos ambientais, garantindo que as constru\u00e7\u00f5es respeitem o ecossistema local e melhorem o ambiente urbano.<\/p>\n<p>O resultado esperado com a cria\u00e7\u00e3o da Marginal Itangu\u00e1 \u00e9 que a popula\u00e7\u00e3o possa usufruir de um sistema vi\u00e1rio mais eficiente e seguro. A constru\u00e7\u00e3o dessa nova via \u00e9 uma resposta \u00e0s necessidades atuais e futuras de uma Sorocaba em constante desenvolvimento, onde o crescimento da popula\u00e7\u00e3o e a prosperidade econ\u00f4mica exigem solu\u00e7\u00f5es pr\u00e1ticas e inovadoras. O projeto espera transformar n\u00e3o apenas o deslocamento, mas a qualidade do viver da cidade.<\/p>\n<h2>Desenvolvimento do Parque Linear Itangu\u00e1<\/h2>\n<p>O <strong>desenvolvimento do Parque Linear Itangu\u00e1<\/strong> se alinha ao conceito de espa\u00e7os verdes interligados, que busca promover o conv\u00edvio entre o natural e o urbano. A proposta visa transformar a \u00e1rea em um espa\u00e7o multifuncional, onde a popula\u00e7\u00e3o possa desfrutar de atividades ao ar livre, promovendo um estilo de vida saud\u00e1vel e ativo.<\/p>\n<p>Ao incluir equipamentos e estruturas como \u00e1reas para pr\u00e1tica de esportes, ciclovias e trilhas, o Parque Linear Itangu\u00e1 pretende n\u00e3o apenas servir como um local de lazer, mas tamb\u00e9m ter uma fun\u00e7\u00e3o de conex\u00e3o entre diferentes bairros, estimulando a intera\u00e7\u00e3o social e o fomento ao com\u00e9rcio local.<\/p>\n<p>Esse projeto \u00e9 visto como um excelente investimento na sa\u00fade p\u00fablica, pois incentiva pr\u00e1ticas que combatem o sedentarismo e promovem o bem-estar. Estudos indicam que ambientes urbanos que oferecem espa\u00e7os verdes t\u00eam menores \u00edndices de estresse e uma popula\u00e7\u00e3o mais feliz. Portanto, as melhorias nas \u00e1reas de lazer refletem diretamente na qualidade de vida dos cidad\u00e3os.<\/p>\n<p>A conex\u00e3o entre o Parque Linear e a Marginal Itangu\u00e1 permitir\u00e1 a cria\u00e7\u00e3o de um corredor ecol\u00f3gico, que facilitar\u00e1 n\u00e3o apenas a mobilidade de pessoas, mas tamb\u00e9m a preserva\u00e7\u00e3o da biodiversidade urbana. Essas condi\u00e7\u00f5es fazem do Parque Linear uma resposta necess\u00e1ria \u00e0s demandas contempor\u00e2neas, unindo natureza e urbanismo de forma sustent\u00e1vel e inovadora.<\/p>\n<h2>Humaniza\u00e7\u00e3o para Pessoas em Situa\u00e7\u00e3o de Rua<\/h2>\n<p>A quest\u00e3o da popula\u00e7\u00e3o em situa\u00e7\u00e3o de rua \u00e9 um desafio que requer pol\u00edticas p\u00fablicas efetivas e humanizadas. O <strong>Programa Humaniza\u00e7\u00e3o \u201cS\u00e3o Carlo Acutis\u201d<\/strong> surge como uma iniciativa que visa garantir um tratamento digno e acolhedor para aquelas pessoas que, infelizmente, vivem nas ruas. Suas diretrizes buscam assegurar que os direitos b\u00e1sicos sejam respeitados e que o acesso a servi\u00e7os essenciais seja plenamente garantido.<\/p>\n<p>A proposta do programa se fundamenta no compromisso social da cidade, enfocando n\u00e3o apenas a necessidade de abrigo, mas tamb\u00e9m o acesso a servi\u00e7os de sa\u00fade, educa\u00e7\u00e3o e oportunidades de trabalho. Ao implantar um conjunto de a\u00e7\u00f5es coordenadas entre v\u00e1rias secretarias, a C\u00e2mara busca uma abordagem que n\u00e3o \u00e9 apenas paliativa, mas que incentiva a autonomia dos indiv\u00edduos atendidos.<\/p>\n<p>A inclus\u00e3o de capacita\u00e7\u00e3o em diferentes \u00e1reas, visando que os cidad\u00e3os possam se reintegrar ao mercado de trabalho, se torna um ponto focal do programa. Essa vis\u00e3o evidencia um compromisso em transformar vidas e oferecer oportunidades que antes pareciam inalcan\u00e7\u00e1veis. Al\u00e9m disso, o est\u00edmulo \u00e0 participa\u00e7\u00e3o da popula\u00e7\u00e3o em decis\u00f5es sobre pol\u00edticas p\u00fablicas promove um senso de pertencimento e responsabilidade social.<\/p>\n<p>Os resultados pr\u00e9vios de iniciativas semelhantes indicam que com um pouco de apoio e assist\u00eancia, muitos podem superar as barreiras enfrentadas nas ruas. O Programa Humaniza\u00e7\u00e3o \u00e9, portanto, uma promessa de mudan\u00e7a, n\u00e3o s\u00f3 para a estrutura social, mas para a vida das pessoas que vivem \u00e0 margem, contribuindo para cidades mais justas e humanas.<\/p>\n<h2>Novas Iniciativas para a C\u00e2mara Municipal<\/h2>\n<p>A C\u00e2mara Municipal de Sorocaba tem tomado iniciativas significativas que mostram um comprometimento com o desenvolvimento sustent\u00e1vel e a transforma\u00e7\u00e3o social. O conjunto das propostas analisadas, incluindo a amplia\u00e7\u00e3o do sistema vi\u00e1rio, aumento de cargos na sa\u00fade, medidas de prote\u00e7\u00e3o a motociclistas e programas de inclus\u00e3o social, evidenciam uma abordagem proativa e respons\u00e1vel.<\/p>\n<p>Essas medidas n\u00e3o s\u00e3o apenas quest\u00f5es administrativas, mas simbolizam um compromisso com a qualidade de vida e a justi\u00e7a social. Ao optar por n\u00e3o deixar ningu\u00e9m para tr\u00e1s, a C\u00e2mara demontra que \u00e9 poss\u00edvel construir um futuro coletivo e solid\u00e1rio, onde todos possam alcan\u00e7ar suas potencialidades e viver dignamente.<\/p>\n<p>Em um per\u00edodo de desafios, a C\u00e2mara Municipal se configura como uma inst\u00e2ncia importante na formula\u00e7\u00e3o de pol\u00edticas p\u00fablicas. Por meio de di\u00e1logo entre os diversos segmentos da sociedade e da incorpora\u00e7\u00e3o de novas ideias, a gest\u00e3o busca atender \u00e0s demandas reais da popula\u00e7\u00e3o, de forma inclusiva e sustent\u00e1vel.<\/p>\n<p>A transforma\u00e7\u00e3o de Sorocaba depende do engajamento de todos: cidad\u00e3os, governo e institui\u00e7\u00f5es. A integra\u00e7\u00e3o desses esfor\u00e7os ser\u00e1 essencial para a constru\u00e7\u00e3o de uma cidade em que o conv\u00edvio entre a modernidade e a tradi\u00e7\u00e3o, o urbano e o rural, o p\u00fablico e o privado, se reafirme com sucesso, transformando Sorocaba em um exemplo de cidade que prioriza o bem-estar e a inclus\u00e3o de todos os seus habitantes.<\/p>\n\n<div style=\"font-size: 0px; height: 0px; line-height: 0px; margin: 0; padding: 0; clear: both;\"><\/div>","protected":false},"excerpt":{"rendered":"<p>C\u00e2mara Municipal de Sorocaba traz novos projetos inovadores que impactam a cidade.<\/p>\n","protected":false},"author":1,"featured_media":7262,"comment_status":"closed","ping_status":"closed","sticky":false,"template":"","format":"standard","meta":{"footnotes":""},"categories":[6],"tags":[],"class_list":["post-7263","post","type-post","status-publish","format-standard","has-post-thumbnail","hentry","category-noticias-em-sorocaba","has_thumb"],"_links":{"self":[{"href":"https:\/\/www.encontrasorocaba.com.br\/sobre\/wp-json\/wp\/v2\/posts\/7263","targetHints":{"allow":["GET"]}}],"collection":[{"href":"https:\/\/www.encontrasorocaba.com.br\/sobre\/wp-json\/wp\/v2\/posts"}],"about":[{"href":"https:\/\/www.encontrasorocaba.com.br\/sobre\/wp-json\/wp\/v2\/types\/post"}],"author":[{"embeddable":true,"href":"https:\/\/www.encontrasorocaba.com.br\/sobre\/wp-json\/wp\/v2\/users\/1"}],"replies":[{"embeddable":true,"href":"https:\/\/www.encontrasorocaba.com.br\/sobre\/wp-json\/wp\/v2\/comments?post=7263"}],"version-history":[{"count":0,"href":"https:\/\/www.encontrasorocaba.com.br\/sobre\/wp-json\/wp\/v2\/posts\/7263\/revisions"}],"wp:featuredmedia":[{"embeddable":true,"href":"https:\/\/www.encontrasorocaba.com.br\/sobre\/wp-json\/wp\/v2\/media\/7262"}],"wp:attachment":[{"href":"https:\/\/www.encontrasorocaba.com.br\/sobre\/wp-json\/wp\/v2\/media?parent=7263"}],"wp:term":[{"taxonomy":"category","embeddable":true,"href":"https:\/\/www.encontrasorocaba.com.br\/sobre\/wp-json\/wp\/v2\/categories?post=7263"},{"taxonomy":"post_tag","embeddable":true,"href":"https:\/\/www.encontrasorocaba.com.br\/sobre\/wp-json\/wp\/v2\/tags?post=7263"}],"curies":[{"name":"wp","href":"https:\/\/api.w.org\/{rel}","templated":true}]}}