{"id":7156,"date":"2019-12-27T15:50:46","date_gmt":"2019-12-27T15:50:46","guid":{"rendered":"https:\/\/www.encontrasorocaba.com.br\/sobre\/?p=7156"},"modified":"2023-10-16T12:49:35","modified_gmt":"2023-10-16T12:49:35","slug":"santuario-sao-judas-tadeu-sorocaba","status":"publish","type":"post","link":"https:\/\/www.encontrasorocaba.com.br\/sobre\/santuario-sao-judas-tadeu-sorocaba\/","title":{"rendered":"Santu\u00e1rio S\u00e3o Judas Tadeu Sorocaba"},"content":{"rendered":"<div class=\"bf54deaa11a4587a41abacdf5428af85\" data-index=\"1\" style=\"float: none; margin:0px;\">\n<!-- Anuncio display - global -->\r\n<ins class=\"adsbygoogle\"\r\n     style=\"display:block\"\r\n     data-ad-client=\"ca-pub-8585364105181520\"\r\n     data-ad-slot=\"8789329856\"\r\n     data-ad-format=\"auto\"\r\n     data-full-width-responsive=\"true\"><\/ins>\r\n<script>\r\n     (adsbygoogle = window.adsbygoogle || []).push({});\r\n<\/script>\n<\/div>\n<p>O <strong>Santu\u00e1rio\u00a0S\u00e3o Judas Tadeu Sorocaba<\/strong> nasceu junto com o in\u00edcio da forma\u00e7\u00e3o do Central Parque, na d\u00e9cada de 70. Diversas pessoas contribu\u00edram para o nascimento da comunidade, entre elas as Sras. Olga de Barros, professora aposentada, e por 40 anos catequista, e sua irm\u00e3 Maria \u00c1gueda de Barros, merendeira aposentada.<\/p>\n<p>Segundo seus relatos, elas eram moradoras da regi\u00e3o do Cerrado e frequentavam a Par\u00f3quia S\u00e3o Jos\u00e9. Com a mudan\u00e7a da fam\u00edlia para o rec\u00e9m-inaugurado bairro do Central Parque, Pe. Mauro Valini formou v\u00e1rias pessoas para que ministrassem a catequese e preparassem a Pastoral do Batismo.<\/p>\n<p><img loading=\"lazy\" decoding=\"async\" class=\"alignnone wp-image-7157 size-full\" title=\"Santu\u00e1rio S\u00e3o Judas Tadeu Sorocaba\" src=\"https:\/\/www.encontrasorocaba.com.br\/sobre\/wp-content\/uploads\/santuario-sao-judas-tadeu.gif\" alt=\"Santu\u00e1rio S\u00e3o Judas Tadeu Sorocaba\" width=\"680\" height=\"189\" \/><\/p>\n<p>Pe. Mauro pediu a Sra. Olga, que fizesse uma pesquisa por todo o bairro para levantar o n\u00famero de cat\u00f3licos e, com isso, come\u00e7aram a fazer vias sacras e visitas \u00e0s casas.\u00a0Fizeram a Novena de Natal e, no encerramento, o Pe. Jansem veio celebrar a primeira Missa no Central Parque, na casa da fam\u00edlia das Sras. Olga e Maria \u00c1gueda. As pessoas que haviam sido visitadas por elas puderam participar dessa Missa. J\u00e1 a segunda Missa foi celebrada na pra\u00e7a do bairro, para que todos pudessem participar.<\/p>\n<p>Pe. Mauro trouxe tamb\u00e9m a Irm\u00e3 Cl\u00e9lia, Irm\u00e3 F\u00e1tima e Irm\u00e3 Olga, da Congrega\u00e7\u00e3o das Irm\u00e3s Paulina, e fundou o 1\u00ba Grupo de Jovens, na parte superior de um sal\u00e3o comercial cedido pela Sra. Ana Fumie Yonashiro, onde eram oferecidas diversas atividades de evangeliza\u00e7\u00e3o e recrea\u00e7\u00e3o. Com o crescimento da comunidade, as missas passaram a acontecer na Escola Infantil, e eram celebradas todos os s\u00e1bados, \u00e0s 19h30, pelo Pe. Waldemar.<\/p>\n<p>Nos final dos anos 70, a Irm\u00e3 Salete, da Ordem da Provid\u00eancia, assumiu a coordena\u00e7\u00e3o dos trabalhos pastorais j\u00e1 existentes na comunidade. Nessa \u00e9poca foi constru\u00eddo o primeiro sal\u00e3o, e tamb\u00e9m o lan\u00e7amento da pedra fundamental, j\u00e1 com o nome de Comunidade S\u00e3o Judas Tadeu, escolhido por voto. Nesse sal\u00e3o ficava uma imagem de S\u00e3o Judas Tadeu, doada por um fiel que havia alcan\u00e7ado uma gra\u00e7a.<\/p>\n<p>Com a chegada do Pe. Benedito Halter, houve muitas mudan\u00e7as, tanto no projeto da constru\u00e7\u00e3o, quanto na pastoral.\u00a0Durante toda a constru\u00e7\u00e3o da Igreja, teve muita ajuda de pessoas que deixaram saudades, como do Pe. L\u00edvio, Dom Melhado, Dom Amauri Castanho, Di\u00e1cono Juarez, Pe. Paulinho, Pe. In\u00e1cio e Pe. Almir, que durante todo o tempo ficaram na igreja e ajudaram a levantar a t\u00e3o querida S\u00e3o Judas Tadeu.\u00a0Mas, os tempos s\u00e3o outros, e por tudo isto, que no dia 28\/10\/2010 o Arcebispo Dom Eduardo Benes Salles Rodrigues elevou a Par\u00f3quia a Santu\u00e1rio Arquidiocesano, tendo como primeiro reitor, Padre Fl\u00e1vio Miguel J\u00fanior, at\u00e9 o presente momento.<\/p>\n<h2>Santu\u00e1rio S\u00e3o Judas Tadeu\u00a0Sorocaba\u00a0Padroeiro<\/h2>\n<p><em>S\u00e3o Judas Tadeu<\/em> \u00e9 natural da Galil\u00e9ia, na Palestina, sendo filho de Alfeu (tamb\u00e9m chamado Cle\u00f3fas) e Maria, que era prima de Maria, M\u00e3e de Jesus. O nome Judas deriva de Jud\u00e1, que significa Fort\u00edssimo e Celeb\u00e9rrimo. Um ponto que merece destaque na vida de S\u00e3o Judas \u00e9 o fato de ele ter sido um dos doze ap\u00f3stolos, escolhidos pessoalmente por Jesus. Desta forma, ele presenciou muitos milagres realizados por Jesus, participou da institui\u00e7\u00e3o da eucaristia na \u00faltima ceia, testemunhou a morte, ressurrei\u00e7\u00e3o e ascens\u00e3o do Senhor. Este glorioso ap\u00f3stolo de Jesus dedicou sua vida \u00e0 evangeliza\u00e7\u00e3o. Foi incans\u00e1vel nesta tarefa, pregando o evangelho na Mesopot\u00e2mia, P\u00e9rsia, Ar\u00e1bia e Idum\u00e9ia, convertendo muitas almas. Os pag\u00e3os, inconformados com a derrota, come\u00e7aram a colocar o povo pag\u00e3o contra os ap\u00f3stolos, prendendo S\u00e3o Judas e S\u00e3o Sim\u00e3o e os levando ao templo do sol. No templo, S\u00e3o Judas disse ao povo: \u201cPara que fiqueis sabendo que estes \u00eddolos que v\u00f3s adorais s\u00e3o falsos, deles sair\u00e3o os dem\u00f4nios e os h\u00e3o de quebrar\u201d. No mesmo instante, dois dem\u00f4nios hediondos quebraram todo o templo e desapareceram. Indignado, o povo atirou-se contra os ap\u00f3stolos furiosamente. Estes foram martirizados de forma cruel. Era um dia claro, quando de repente escureceu todo o c\u00e9u, e uma horr\u00edvel tempestade de trov\u00f5es e raios caiu sobre a cidade, principalmente sobre o templo, matando muitos feiticeiros. Devido ao seu mart\u00edrio, S\u00e3o Judas Tadeu \u00e9 representado em suas imagens segurando um livro, s\u00edmbolo da palavra que anunciou, e uma machadinha (ou clava ou espada ou alabarda), o instrumento de seu mart\u00edrio. No Brasil, a devo\u00e7\u00e3o a este santo \u00e9 relativamente recente. Surgiu no in\u00edcio deste s\u00e9culo, alcan\u00e7ando, por\u00e9m, popularidade muito grande. \u00c9 invocado como o santo dos desesperados e aflitos, das causas sem solu\u00e7\u00e3o ou perdidas. Sua festa lit\u00fargica celebra-se, todos os anos, na prov\u00e1vel data de sua morte: 28 de outubro de 70, depois de Cristo.<\/p>\n<h3>Santu\u00e1rio S\u00e3o Judas Tadeu Sorocaba\u00a0Hor\u00e1rio de Missas<\/h3>\n<p>As missas no Santu\u00e1rio S\u00e3o Judas Tadeu acontecem nos seguintes hor\u00e1rios:<\/p>\n<ul>\n<li>De segunda a sexta \u00e0s 6h30 na capela da Adora\u00e7\u00e3o Perp\u00e9tua.<\/li>\n<li>Domingo \u00e0s 8h, 10h e 19h.<\/li>\n<li>Toda primeira quinta-feira do m\u00eas, Missa por Cura e Liberta\u00e7\u00e3o, \u00e0s 19h30.<\/li>\n<li>Toda quinta-feira, Missa de Nossa Senhora Aparecida \u00e0s 19h30.<\/li>\n<li>Toda primeira sexta-feira do m\u00eas Missa do Sagrado Cora\u00e7\u00e3o de Jesus \u00e0s 19h30.<\/li>\n<li>Todo dia 28 Missa de S\u00e3o Judas Tadeu \u00e0s 7h, 15h e 19h30.<\/li>\n<li>Todo primeiro s\u00e1bado Missa do Imaculado Cora\u00e7\u00e3o de Maria, \u00e0s 7h.<\/li>\n<\/ul>\n<h3>Hor\u00e1rio de Funcionamento Santu\u00e1rio S\u00e3o Judas Tadeu em Sorocaba<\/h3>\n<ul>\n<li>Segunda a Sexta das 08h \u00e0s 18h \/ S\u00e1bado das 08h \u00e0s 12h<\/li>\n<\/ul>\n<h3>Onde fica, Endere\u00e7o e Telefone Santu\u00e1rio S\u00e3o Judas Tadeu em Sorocaba<\/h3>\n<ul>\n<li>R. Valter Lu\u00eds D \u00c1vila, 171 &#8211; Central Park\u00a0&#8211; Sorocaba &#8211; SP<\/li>\n<li>Telefone: (15) 3222-5817<\/li>\n<\/ul>\n<h4>Outras informa\u00e7\u00f5es e site<\/h4>\n<ul>\n<li>Mais informa\u00e7\u00f5es:\u00a0<a href=\"http:\/\/www.saojudastadeu.org.br\/\" target=\"_blank\" rel=\"noopener noreferrer\">www.saojudastadeu.org.br<\/a><\/li>\n<\/ul>\n<h4>Mapa de localiza\u00e7\u00e3o<\/h4>\n<a class=\"wp-colorbox-iframe\" href=\"https:\/\/www.google.com\/maps\/embed?pb=!1m14!1m8!1m3!1d14633.647846936152!2d-47.506009!3d-23.517681!3m2!1i1024!2i768!4f13.1!3m3!1m2!1s0x00x4085af47ec26118!2sSanturioSoJudasTadeu!5e0!3m2!1spt-BR!2sbr!4v1577461614621!5m2!1spt-BR!2sbr\"><img decoding=\"async\" src=\"http:\/\/www.encontrasorocaba.com.br\/imgs\/maps-post.png\"><\/a>\n\n<div style=\"font-size: 0px; height: 0px; line-height: 0px; margin: 0; padding: 0; clear: both;\"><\/div>","protected":false},"excerpt":{"rendered":"<p>O Santu\u00e1rio\u00a0S\u00e3o Judas Tadeu Sorocaba nasceu junto com o in\u00edcio da forma\u00e7\u00e3o do Central Parque, na d\u00e9cada de 70. Diversas pessoas contribu\u00edram para o nascimento da comunidade, entre elas as Sras. Olga de Barros, professora aposentada, e por 40 anos catequista, e sua irm\u00e3 Maria \u00c1gueda de Barros, merendeira aposentada. Segundo seus relatos, elas eram moradoras da regi\u00e3o do Cerrado e frequentavam a Par\u00f3quia S\u00e3o Jos\u00e9. Com a mudan\u00e7a da fam\u00edlia para o rec\u00e9m-inaugurado bairro do Central Parque, Pe. Mauro Valini formou v\u00e1rias pessoas para que ministrassem a catequese e preparassem a Pastoral do Batismo. Pe. Mauro pediu a Sra. <\/p>\n","protected":false},"author":1,"featured_media":7157,"comment_status":"closed","ping_status":"closed","sticky":false,"template":"","format":"standard","meta":{"footnotes":""},"categories":[32],"tags":[],"class_list":["post-7156","post","type-post","status-publish","format-standard","has-post-thumbnail","hentry","category-lugares-em-sorocaba","has_thumb"],"_links":{"self":[{"href":"https:\/\/www.encontrasorocaba.com.br\/sobre\/wp-json\/wp\/v2\/posts\/7156","targetHints":{"allow":["GET"]}}],"collection":[{"href":"https:\/\/www.encontrasorocaba.com.br\/sobre\/wp-json\/wp\/v2\/posts"}],"about":[{"href":"https:\/\/www.encontrasorocaba.com.br\/sobre\/wp-json\/wp\/v2\/types\/post"}],"author":[{"embeddable":true,"href":"https:\/\/www.encontrasorocaba.com.br\/sobre\/wp-json\/wp\/v2\/users\/1"}],"replies":[{"embeddable":true,"href":"https:\/\/www.encontrasorocaba.com.br\/sobre\/wp-json\/wp\/v2\/comments?post=7156"}],"version-history":[{"count":0,"href":"https:\/\/www.encontrasorocaba.com.br\/sobre\/wp-json\/wp\/v2\/posts\/7156\/revisions"}],"wp:featuredmedia":[{"embeddable":true,"href":"https:\/\/www.encontrasorocaba.com.br\/sobre\/wp-json\/wp\/v2\/media\/7157"}],"wp:attachment":[{"href":"https:\/\/www.encontrasorocaba.com.br\/sobre\/wp-json\/wp\/v2\/media?parent=7156"}],"wp:term":[{"taxonomy":"category","embeddable":true,"href":"https:\/\/www.encontrasorocaba.com.br\/sobre\/wp-json\/wp\/v2\/categories?post=7156"},{"taxonomy":"post_tag","embeddable":true,"href":"https:\/\/www.encontrasorocaba.com.br\/sobre\/wp-json\/wp\/v2\/tags?post=7156"}],"curies":[{"name":"wp","href":"https:\/\/api.w.org\/{rel}","templated":true}]}}