{"id":51,"date":"2010-12-23T20:52:21","date_gmt":"2010-12-23T20:52:21","guid":{"rendered":"http:\/\/www.encontrasorocaba.com.br\/noticias\/?p=51"},"modified":"2019-04-15T13:36:03","modified_gmt":"2019-04-15T13:36:03","slug":"comerciante-tira-a-roupa-na-camara-municipal-para-protestar-contra-aumento-de-vereadores-em-sorocaba","status":"publish","type":"post","link":"https:\/\/www.encontrasorocaba.com.br\/sobre\/comerciante-tira-a-roupa-na-camara-municipal-para-protestar-contra-aumento-de-vereadores-em-sorocaba\/","title":{"rendered":"Comerciante tira a roupa na C\u00e2mara Municipal para protestar contra aumento de vereadores em Sorocaba"},"content":{"rendered":"<div class=\"bf54deaa11a4587a41abacdf5428af85\" data-index=\"1\" style=\"float: none; margin:0px;\">\n<!-- Anuncio display - global -->\r\n<ins class=\"adsbygoogle\"\r\n     style=\"display:block\"\r\n     data-ad-client=\"ca-pub-8585364105181520\"\r\n     data-ad-slot=\"8789329856\"\r\n     data-ad-format=\"auto\"\r\n     data-full-width-responsive=\"true\"><\/ins>\r\n<script>\r\n     (adsbygoogle = window.adsbygoogle || []).push({});\r\n<\/script>\n<\/div>\n<p>Um comerciante de Sorocaba, cidade a 97 quil\u00f4metros de S\u00e3o Paulo, ficou s\u00f3 de cueca em plena C\u00e2mara Municipal em protesto contra o aumento dos subs\u00eddios dos vereadores, na \u00faltima segunda-feira (20). Os vereadores levaram apenas 30 segundos para aprovar o aumento de quase 100% nos sal\u00e1rios para o pr\u00f3ximo ano. Eles dispensaram a leitura do projeto e as discuss\u00f5es. Isso gerou revolta de moradores que acompanharam a vota\u00e7\u00e3o,<\/p>\n<p>Reinaldo Martins do Prado, que tirou a roupa, se disse indignado com o aumento.<\/p>\n<p>&#8211; Eu n\u00e3o sou indecente. Indecente \u00e9 o que est\u00e1 acontecendo aqui &#8211; disse o comerciante.<\/p>\n<p>Um parlamentar que hoje recebe R$ 7.800,00, na pr\u00f3xima legislatura vai ganhar R$ 15 mil.<\/p>\n<p>Durante seis anos o sal\u00e1rio dos vereadores foi reajustado acompanhando os sal\u00e1rios dos servidores p\u00fablicos do munic\u00edpio. Mas agora, o reajuste teve como refer\u00eancia o aumento dos deputados estaduais. Os vereadores acreditam que o aumento \u00e9 proporcional ao trabalho que desempenham.<\/p>\n<p>Na mesma sess\u00e3o extraordin\u00e1ria, os vereadores aprovaram outro projeto pol\u00eamico. Criaram mais 20 cargos de confian\u00e7a. No ano que vem, cada vereador, que j\u00e1 tem cinco assessores no gabinete, vai poder contar com mais um. A medida vai fazer a folha de pagamento saltar de R$ 4,1 milh\u00e3o para R$ 4,9 milh\u00e3o por ano.<\/p>\n<p>A revolta dos moradores foi expressa em cartazes e muito usaram nariz de palha\u00e7o como protesto.<\/p>\n<p><em>Fonte: O Globo<\/em><\/p>\n\n<div style=\"font-size: 0px; height: 0px; line-height: 0px; margin: 0; padding: 0; clear: both;\"><\/div>","protected":false},"excerpt":{"rendered":"<p>Um comerciante de Sorocaba, cidade a 97 quil\u00f4metros de S\u00e3o Paulo, ficou s\u00f3 de cueca em plena C\u00e2mara Municipal em protesto contra o aumento dos subs\u00eddios dos vereadores, na \u00faltima segunda-feira (20). Os vereadores levaram apenas 30 segundos para aprovar o aumento de quase 100% nos sal\u00e1rios para o pr\u00f3ximo ano. Eles dispensaram a leitura do projeto e as discuss\u00f5es. Isso gerou revolta de moradores que acompanharam a vota\u00e7\u00e3o, Reinaldo Martins do Prado, que tirou a roupa, se disse indignado com o aumento. &#8211; Eu n\u00e3o sou indecente. Indecente \u00e9 o que est\u00e1 acontecendo aqui &#8211; disse o comerciante. Um <\/p>\n","protected":false},"author":1,"featured_media":0,"comment_status":"open","ping_status":"closed","sticky":false,"template":"","format":"standard","meta":{"footnotes":""},"categories":[6],"tags":[14],"class_list":["post-51","post","type-post","status-publish","format-standard","hentry","category-noticias-em-sorocaba","tag-sorocaba"],"_links":{"self":[{"href":"https:\/\/www.encontrasorocaba.com.br\/sobre\/wp-json\/wp\/v2\/posts\/51","targetHints":{"allow":["GET"]}}],"collection":[{"href":"https:\/\/www.encontrasorocaba.com.br\/sobre\/wp-json\/wp\/v2\/posts"}],"about":[{"href":"https:\/\/www.encontrasorocaba.com.br\/sobre\/wp-json\/wp\/v2\/types\/post"}],"author":[{"embeddable":true,"href":"https:\/\/www.encontrasorocaba.com.br\/sobre\/wp-json\/wp\/v2\/users\/1"}],"replies":[{"embeddable":true,"href":"https:\/\/www.encontrasorocaba.com.br\/sobre\/wp-json\/wp\/v2\/comments?post=51"}],"version-history":[{"count":0,"href":"https:\/\/www.encontrasorocaba.com.br\/sobre\/wp-json\/wp\/v2\/posts\/51\/revisions"}],"wp:attachment":[{"href":"https:\/\/www.encontrasorocaba.com.br\/sobre\/wp-json\/wp\/v2\/media?parent=51"}],"wp:term":[{"taxonomy":"category","embeddable":true,"href":"https:\/\/www.encontrasorocaba.com.br\/sobre\/wp-json\/wp\/v2\/categories?post=51"},{"taxonomy":"post_tag","embeddable":true,"href":"https:\/\/www.encontrasorocaba.com.br\/sobre\/wp-json\/wp\/v2\/tags?post=51"}],"curies":[{"name":"wp","href":"https:\/\/api.w.org\/{rel}","templated":true}]}}