{"id":390,"date":"2011-08-09T16:36:38","date_gmt":"2011-08-09T16:36:38","guid":{"rendered":"http:\/\/www.encontrasorocaba.com.br\/noticias\/?p=390"},"modified":"2019-04-15T13:35:00","modified_gmt":"2019-04-15T13:35:00","slug":"sorocaba-ruas-da-vilao-barao-terao-mais-mudancas-no-transito","status":"publish","type":"post","link":"https:\/\/www.encontrasorocaba.com.br\/sobre\/sorocaba-ruas-da-vilao-barao-terao-mais-mudancas-no-transito\/","title":{"rendered":"Sorocaba: ruas da Vil\u00e3o Bar\u00e3o ter\u00e3o mais mudan\u00e7as no tr\u00e2nsito"},"content":{"rendered":"<div class=\"bf54deaa11a4587a41abacdf5428af85\" data-index=\"1\" style=\"float: none; margin:0px;\">\n<!-- Anuncio display - global -->\r\n<ins class=\"adsbygoogle\"\r\n     style=\"display:block\"\r\n     data-ad-client=\"ca-pub-8585364105181520\"\r\n     data-ad-slot=\"8789329856\"\r\n     data-ad-format=\"auto\"\r\n     data-full-width-responsive=\"true\"><\/ins>\r\n<script>\r\n     (adsbygoogle = window.adsbygoogle || []).push({});\r\n<\/script>\n<\/div>\n<p>A Urbes \u2013 Tr\u00e2nsito e Transportes informa que vai promover novas altera\u00e7\u00f5es no tr\u00e2nsito da Vila Bar\u00e3o, na zona norte da cidade Sorocaba, em fun\u00e7\u00e3o de obras do programa \u201cSorocaba Total\u201d.<\/p>\n<p>A rua Benedito Clemente de Souza passar\u00e1 a ter sentido \u00fanico de circula\u00e7\u00e3o da avenida Mario Covas para a rua For\u00e7a P\u00fablica. J\u00e1 a rua 24 passar\u00e1 a ter m\u00e3o \u00fanica, mas no sentido contr\u00e1rio. Outra rua que ter\u00e1 sentido \u00fanico \u00e9 a Antonio Petarnela, da rua For\u00e7a P\u00fablica para a avenida Mario Covas. E, por fim, as ruas 4 e 14 ter\u00e3o o tr\u00e2nsito permitido somente na dire\u00e7\u00e3o oposta.<\/p>\n<p>As mudan\u00e7as, que devem entrar em opera\u00e7\u00e3o nesta quarta-feira, dia 10, se as condi\u00e7\u00f5es do tempo permitirem, ter\u00e3o o monitoramento de agentes de tr\u00e2nsito.<\/p>\n<p><em>Fonte: Prefeitura de Sorocaba<\/em><\/p>\n\n<div style=\"font-size: 0px; height: 0px; line-height: 0px; margin: 0; padding: 0; clear: both;\"><\/div>","protected":false},"excerpt":{"rendered":"<p>A Urbes \u2013 Tr\u00e2nsito e Transportes informa que vai promover novas altera\u00e7\u00f5es no tr\u00e2nsito da Vila Bar\u00e3o, na zona norte da cidade Sorocaba, em fun\u00e7\u00e3o de obras do programa \u201cSorocaba Total\u201d. A rua Benedito Clemente de Souza passar\u00e1 a ter sentido \u00fanico de circula\u00e7\u00e3o da avenida Mario Covas para a rua For\u00e7a P\u00fablica. J\u00e1 a rua 24 passar\u00e1 a ter m\u00e3o \u00fanica, mas no sentido contr\u00e1rio. Outra rua que ter\u00e1 sentido \u00fanico \u00e9 a Antonio Petarnela, da rua For\u00e7a P\u00fablica para a avenida Mario Covas. E, por fim, as ruas 4 e 14 ter\u00e3o o tr\u00e2nsito permitido somente na dire\u00e7\u00e3o <\/p>\n","protected":false},"author":1,"featured_media":0,"comment_status":"open","ping_status":"closed","sticky":false,"template":"","format":"standard","meta":{"footnotes":""},"categories":[6],"tags":[14],"class_list":["post-390","post","type-post","status-publish","format-standard","hentry","category-noticias-em-sorocaba","tag-sorocaba"],"_links":{"self":[{"href":"https:\/\/www.encontrasorocaba.com.br\/sobre\/wp-json\/wp\/v2\/posts\/390","targetHints":{"allow":["GET"]}}],"collection":[{"href":"https:\/\/www.encontrasorocaba.com.br\/sobre\/wp-json\/wp\/v2\/posts"}],"about":[{"href":"https:\/\/www.encontrasorocaba.com.br\/sobre\/wp-json\/wp\/v2\/types\/post"}],"author":[{"embeddable":true,"href":"https:\/\/www.encontrasorocaba.com.br\/sobre\/wp-json\/wp\/v2\/users\/1"}],"replies":[{"embeddable":true,"href":"https:\/\/www.encontrasorocaba.com.br\/sobre\/wp-json\/wp\/v2\/comments?post=390"}],"version-history":[{"count":0,"href":"https:\/\/www.encontrasorocaba.com.br\/sobre\/wp-json\/wp\/v2\/posts\/390\/revisions"}],"wp:attachment":[{"href":"https:\/\/www.encontrasorocaba.com.br\/sobre\/wp-json\/wp\/v2\/media?parent=390"}],"wp:term":[{"taxonomy":"category","embeddable":true,"href":"https:\/\/www.encontrasorocaba.com.br\/sobre\/wp-json\/wp\/v2\/categories?post=390"},{"taxonomy":"post_tag","embeddable":true,"href":"https:\/\/www.encontrasorocaba.com.br\/sobre\/wp-json\/wp\/v2\/tags?post=390"}],"curies":[{"name":"wp","href":"https:\/\/api.w.org\/{rel}","templated":true}]}}