{"id":284,"date":"2011-06-07T21:36:34","date_gmt":"2011-06-07T21:36:34","guid":{"rendered":"http:\/\/www.encontrasorocaba.com.br\/noticias\/?p=284"},"modified":"2019-04-15T13:35:34","modified_gmt":"2019-04-15T13:35:34","slug":"sorocaba-sera-sede-de-seminario-regional-da-defesa-civil","status":"publish","type":"post","link":"https:\/\/www.encontrasorocaba.com.br\/sobre\/sorocaba-sera-sede-de-seminario-regional-da-defesa-civil\/","title":{"rendered":"Sorocaba ser\u00e1 sede de semin\u00e1rio regional da Defesa Civil"},"content":{"rendered":"<div class=\"bf54deaa11a4587a41abacdf5428af85\" data-index=\"1\" style=\"float: none; margin:0px;\">\n<!-- Anuncio display - global -->\r\n<ins class=\"adsbygoogle\"\r\n     style=\"display:block\"\r\n     data-ad-client=\"ca-pub-8585364105181520\"\r\n     data-ad-slot=\"8789329856\"\r\n     data-ad-format=\"auto\"\r\n     data-full-width-responsive=\"true\"><\/ins>\r\n<script>\r\n     (adsbygoogle = window.adsbygoogle || []).push({});\r\n<\/script>\n<\/div>\n<p>A Coordenadoria de Defesa Civil do Estado de S\u00e3o Paulo realizar\u00e1 nesta quarta e quinta-feira (8 e 9), na cidade de Sorocaba, o\u00a0Semin\u00e1rio Regional de Defesa Civil, abrangendo os 79 munic\u00edpios que fazem parte da regi\u00e3o. No decorrer do ano, tais palestras ser\u00e3o realizadas nas 15 regi\u00f5es administrativas do Estado. Os eventos t\u00eam como objetivo apoiar os munic\u00edpios na dissemina\u00e7\u00e3o da filosofia de preven\u00e7\u00e3o, principalmente, na cria\u00e7\u00e3o e manuten\u00e7\u00e3o da estrutura para atendimento \u00e0s situa\u00e7\u00f5es emergenciais, bem como nos cuidados com o bem-estar da comunidade.<\/p>\n<p>Com dura\u00e7\u00e3o de dois dias, os semin\u00e1rios desenvolvem estudos voltados \u00e0 atua\u00e7\u00e3o dos integrantes das Coordenadorias Municipais de Defesa Civil (COMDECs) e volunt\u00e1rios que estejam, ou n\u00e3o, em situa\u00e7\u00f5es de risco. A participa\u00e7\u00e3o dos volunt\u00e1rios \u00e9 considerada de fundamental import\u00e2ncia para a difus\u00e3o dos princ\u00edpios b\u00e1sicos definidos pela Defesa Civil.<\/p>\n<p>Participar\u00e3o da abertura solene do semin\u00e1rio regional, em Sorocaba, o secret\u00e1rio-chefe da Casa Militar e coordenador Estadual de Defesa Civil, Coronel PM Admir Gerv\u00e1sio Moreira, e diversas autoridades civis e militares. O munic\u00edpio de Sorocaba ser\u00e1 representado no evento pelo coordenador da Defesa Civil local, titular da Secretaria de Seguran\u00e7a Comunit\u00e1ria.<\/p>\n<p>O Semin\u00e1rio ser\u00e1 realizado no Audit\u00f3rio do SEST-SENAT, que fica na rua Adalberto Panzan n\u00ba 180, Bairro Boa Vista, Sorocaba\/SP.<\/p>\n<p>No dia 9 de junho, como parte do projeto \u201cDefesa Civil nas Escolas\u201d, ser\u00e3o realizadas palestras nas Escolas Municipais Professora Maria de Lourdes Martins Martinez e Professor Luiz Almeida Marins, para crian\u00e7as do ensino fundamental, a fim de divulgar orienta\u00e7\u00f5es preventivas de Defesa Civil.<\/p>\n<p><em>Fonte: Prefeitura de Sorocaba<\/em><\/p>\n\n<div style=\"font-size: 0px; height: 0px; line-height: 0px; margin: 0; padding: 0; clear: both;\"><\/div>","protected":false},"excerpt":{"rendered":"<p>A Coordenadoria de Defesa Civil do Estado de S\u00e3o Paulo realizar\u00e1 nesta quarta e quinta-feira (8 e 9), na cidade de Sorocaba, o\u00a0Semin\u00e1rio Regional de Defesa Civil, abrangendo os 79 munic\u00edpios que fazem parte da regi\u00e3o. No decorrer do ano, tais palestras ser\u00e3o realizadas nas 15 regi\u00f5es administrativas do Estado. Os eventos t\u00eam como objetivo apoiar os munic\u00edpios na dissemina\u00e7\u00e3o da filosofia de preven\u00e7\u00e3o, principalmente, na cria\u00e7\u00e3o e manuten\u00e7\u00e3o da estrutura para atendimento \u00e0s situa\u00e7\u00f5es emergenciais, bem como nos cuidados com o bem-estar da comunidade. Com dura\u00e7\u00e3o de dois dias, os semin\u00e1rios desenvolvem estudos voltados \u00e0 atua\u00e7\u00e3o dos integrantes das <\/p>\n","protected":false},"author":1,"featured_media":0,"comment_status":"open","ping_status":"closed","sticky":false,"template":"","format":"standard","meta":{"footnotes":""},"categories":[6],"tags":[14],"class_list":["post-284","post","type-post","status-publish","format-standard","hentry","category-noticias-em-sorocaba","tag-sorocaba"],"_links":{"self":[{"href":"https:\/\/www.encontrasorocaba.com.br\/sobre\/wp-json\/wp\/v2\/posts\/284","targetHints":{"allow":["GET"]}}],"collection":[{"href":"https:\/\/www.encontrasorocaba.com.br\/sobre\/wp-json\/wp\/v2\/posts"}],"about":[{"href":"https:\/\/www.encontrasorocaba.com.br\/sobre\/wp-json\/wp\/v2\/types\/post"}],"author":[{"embeddable":true,"href":"https:\/\/www.encontrasorocaba.com.br\/sobre\/wp-json\/wp\/v2\/users\/1"}],"replies":[{"embeddable":true,"href":"https:\/\/www.encontrasorocaba.com.br\/sobre\/wp-json\/wp\/v2\/comments?post=284"}],"version-history":[{"count":0,"href":"https:\/\/www.encontrasorocaba.com.br\/sobre\/wp-json\/wp\/v2\/posts\/284\/revisions"}],"wp:attachment":[{"href":"https:\/\/www.encontrasorocaba.com.br\/sobre\/wp-json\/wp\/v2\/media?parent=284"}],"wp:term":[{"taxonomy":"category","embeddable":true,"href":"https:\/\/www.encontrasorocaba.com.br\/sobre\/wp-json\/wp\/v2\/categories?post=284"},{"taxonomy":"post_tag","embeddable":true,"href":"https:\/\/www.encontrasorocaba.com.br\/sobre\/wp-json\/wp\/v2\/tags?post=284"}],"curies":[{"name":"wp","href":"https:\/\/api.w.org\/{rel}","templated":true}]}}