{"id":1539,"date":"2012-11-08T00:41:09","date_gmt":"2012-11-08T00:41:09","guid":{"rendered":"http:\/\/www.encontrasorocaba.com.br\/noticias\/?p=1539"},"modified":"2019-04-15T13:29:40","modified_gmt":"2019-04-15T13:29:40","slug":"suspeita-de-envenenar-filha-recebe-direito-de-ver-a-crianca-em-sorocaba","status":"publish","type":"post","link":"https:\/\/www.encontrasorocaba.com.br\/sobre\/suspeita-de-envenenar-filha-recebe-direito-de-ver-a-crianca-em-sorocaba\/","title":{"rendered":"Suspeita de envenenar filha recebe direito de ver a crian\u00e7a em Sorocaba"},"content":{"rendered":"<div class=\"bf54deaa11a4587a41abacdf5428af85\" data-index=\"1\" style=\"float: none; margin:0px;\">\n<!-- Anuncio display - global -->\r\n<ins class=\"adsbygoogle\"\r\n     style=\"display:block\"\r\n     data-ad-client=\"ca-pub-8585364105181520\"\r\n     data-ad-slot=\"8789329856\"\r\n     data-ad-format=\"auto\"\r\n     data-full-width-responsive=\"true\"><\/ins>\r\n<script>\r\n     (adsbygoogle = window.adsbygoogle || []).push({});\r\n<\/script>\n<\/div>\n<p>A Justi\u00e7a revogou a ordem judicial que determinava que a mulher suspeita de colocar veneno na mamadeira da filha ficasse impedida de ver a menina. Ta\u00eds Helena Ferreira foi presa a pedido da pol\u00edcia em fevereiro. Em julho, o juiz Marcos Jos\u00e9 Correa revogou a pris\u00e3o, mas determinou que a mulher ficasse sem contato com a crian\u00e7a e que fizesse tratamento psicol\u00f3gico.<\/p>\n<p>Com base em laudos m\u00e9dicos, que apontam a evolu\u00e7\u00e3o da m\u00e3e, o juiz revogou tamb\u00e9m a medida protetiva, autorizando o conv\u00edvio com a menina. No entanto, ele determinou que Ta\u00eds continue com o tratamento.<\/p>\n<p>O advogado da mulher, M\u00e1rio Del Cistia, informou que ela n\u00e3o deu veneno para a crian\u00e7a, e que n\u00e3o h\u00e1 provas do suposto crime no inqu\u00e9rito.<\/p>\n<p><strong>Entenda o caso<\/strong><br \/>\nTa\u00eds foi presa em 21 de fevereiro deste ano suspeita de colocar veneno na mamadeira da filha.<\/p>\n<p>Segundo o boletim de ocorr\u00eancia, aberto pelo marido dela, a m\u00e3e estaria incomodada com o choro da menina e teria colocado o veneno para que ela dormisse.<\/p>\n<p>O homem teria dito aos policiais que a mulher rejeitava o beb\u00ea desde o nascimento.<\/p>\n<p>Em depoimento \u00e0 pol\u00edcia, ela confirmou que colocou um pouco de veneno para acalmar a crian\u00e7a. A Delegacia da Mulher indiciou a m\u00e3e por homic\u00eddio doloso, quando h\u00e1 inten\u00e7\u00e3o de matar.<\/p>\n<p>No dia 17 de julho a Justi\u00e7a revogou a pris\u00e3o preventiva de Ta\u00eds e determinou que ela fizesse tratamento psiqui\u00e1trico e ficasse impossibilitada de ter contato com a filha.<\/p>\n<p><em>Fonte: G1<\/em><\/p>\n\n<div style=\"font-size: 0px; height: 0px; line-height: 0px; margin: 0; padding: 0; clear: both;\"><\/div>","protected":false},"excerpt":{"rendered":"<p>A Justi\u00e7a revogou a ordem judicial que determinava que a mulher suspeita de colocar veneno na mamadeira da filha ficasse impedida de ver a menina. Ta\u00eds Helena Ferreira foi presa a pedido da pol\u00edcia em fevereiro. Em julho, o juiz Marcos Jos\u00e9 Correa revogou a pris\u00e3o, mas determinou que a mulher ficasse sem contato com a crian\u00e7a e que fizesse tratamento psicol\u00f3gico. Com base em laudos m\u00e9dicos, que apontam a evolu\u00e7\u00e3o da m\u00e3e, o juiz revogou tamb\u00e9m a medida protetiva, autorizando o conv\u00edvio com a menina. No entanto, ele determinou que Ta\u00eds continue com o tratamento. O advogado da mulher, <\/p>\n","protected":false},"author":1,"featured_media":0,"comment_status":"open","ping_status":"closed","sticky":false,"template":"","format":"standard","meta":{"footnotes":""},"categories":[6],"tags":[],"class_list":["post-1539","post","type-post","status-publish","format-standard","hentry","category-noticias-em-sorocaba"],"_links":{"self":[{"href":"https:\/\/www.encontrasorocaba.com.br\/sobre\/wp-json\/wp\/v2\/posts\/1539","targetHints":{"allow":["GET"]}}],"collection":[{"href":"https:\/\/www.encontrasorocaba.com.br\/sobre\/wp-json\/wp\/v2\/posts"}],"about":[{"href":"https:\/\/www.encontrasorocaba.com.br\/sobre\/wp-json\/wp\/v2\/types\/post"}],"author":[{"embeddable":true,"href":"https:\/\/www.encontrasorocaba.com.br\/sobre\/wp-json\/wp\/v2\/users\/1"}],"replies":[{"embeddable":true,"href":"https:\/\/www.encontrasorocaba.com.br\/sobre\/wp-json\/wp\/v2\/comments?post=1539"}],"version-history":[{"count":0,"href":"https:\/\/www.encontrasorocaba.com.br\/sobre\/wp-json\/wp\/v2\/posts\/1539\/revisions"}],"wp:attachment":[{"href":"https:\/\/www.encontrasorocaba.com.br\/sobre\/wp-json\/wp\/v2\/media?parent=1539"}],"wp:term":[{"taxonomy":"category","embeddable":true,"href":"https:\/\/www.encontrasorocaba.com.br\/sobre\/wp-json\/wp\/v2\/categories?post=1539"},{"taxonomy":"post_tag","embeddable":true,"href":"https:\/\/www.encontrasorocaba.com.br\/sobre\/wp-json\/wp\/v2\/tags?post=1539"}],"curies":[{"name":"wp","href":"https:\/\/api.w.org\/{rel}","templated":true}]}}