{"id":1006,"date":"2012-07-31T00:55:10","date_gmt":"2012-07-31T00:55:10","guid":{"rendered":"http:\/\/www.encontrasorocaba.com.br\/noticias\/?p=1006"},"modified":"2019-04-15T13:32:39","modified_gmt":"2019-04-15T13:32:39","slug":"exposicao-fotografica-50-anos-depois","status":"publish","type":"post","link":"https:\/\/www.encontrasorocaba.com.br\/sobre\/exposicao-fotografica-50-anos-depois\/","title":{"rendered":"Exposi\u00e7\u00e3o fotogr\u00e1fica: 50 Anos Depois em Sorocaba"},"content":{"rendered":"<div class=\"bf54deaa11a4587a41abacdf5428af85\" data-index=\"1\" style=\"float: none; margin:0px;\">\n<!-- Anuncio display - global -->\r\n<ins class=\"adsbygoogle\"\r\n     style=\"display:block\"\r\n     data-ad-client=\"ca-pub-8585364105181520\"\r\n     data-ad-slot=\"8789329856\"\r\n     data-ad-format=\"auto\"\r\n     data-full-width-responsive=\"true\"><\/ins>\r\n<script>\r\n     (adsbygoogle = window.adsbygoogle || []).push({});\r\n<\/script>\n<\/div>\n<p>Do dia 1\u00ba at\u00e9 14 de agosto ficar\u00e1 aberta ao p\u00fablico a exposi\u00e7\u00e3o fotogr\u00e1fica &#8220;50 Anos Depois&#8221;, no sal\u00e3o de Exposi\u00e7\u00f5es da<a href=\"http:\/\/www.encontrasorocaba.com.br\/noticias\/fundec-fundo-de-desenvolvimento-social-de-sorocaba.shtml\" target=\"_blank\"> Fundec<\/a>.<\/p>\n<p>A exposi\u00e7\u00e3o \u00e9 uma homenagem aos 50 anos de atividade do fot\u00f3grafo sorocabano Adolfo Frioli pelo Olho Vivo N\u00facleo de Fotografia. Ser\u00e3o reunidas 67 fotos, coloridas e preto e branco, de 12 fot\u00f3grafos em releituras de imagens tiradas pelo homenageado em sua carreira.<\/p>\n<p>&nbsp;<\/p>\n<p><strong>Servi\u00e7o<\/strong><br \/>\nData In\u00edcio: 01\/08\/2012<br \/>\nData do T\u00e9rmino: 14\/08\/2012l<br \/>\nOrganizador: Fundec<br \/>\nE-mail: eventos@fundecsorocaba.com.br<br \/>\nSite:fundecsorocaba.com.br<br \/>\nMais informa\u00e7\u00f5es: Hor\u00e1rios: segunda a sexta-feira, das 8h \u00e0s 18h, e aos s\u00e1bados, das 8h \u00e0s 12h<\/p>\n<p>Entrada franca<\/p>\n<p><strong>Endere\u00e7o:\u00a0<\/strong>Rua Brigadeiro Tobias, 73, Centro &#8211; Fundec &#8211; (no sal\u00e3o de Exposi\u00e7\u00f5es da Fundec)<br \/>\n<strong>Cidade:\u00a0<\/strong>Sorocaba &#8211; SP<br \/>\n<strong>Telefone:\u00a0<\/strong>15-3233-2220<\/p>\n<p><em>Fonte: Sorocaba.com<\/em><\/p>\n\n<div style=\"font-size: 0px; height: 0px; line-height: 0px; margin: 0; padding: 0; clear: both;\"><\/div>","protected":false},"excerpt":{"rendered":"<p>Do dia 1\u00ba at\u00e9 14 de agosto ficar\u00e1 aberta ao p\u00fablico a exposi\u00e7\u00e3o fotogr\u00e1fica &#8220;50 Anos Depois&#8221;, no sal\u00e3o de Exposi\u00e7\u00f5es da Fundec. A exposi\u00e7\u00e3o \u00e9 uma homenagem aos 50 anos de atividade do fot\u00f3grafo sorocabano Adolfo Frioli pelo Olho Vivo N\u00facleo de Fotografia. Ser\u00e3o reunidas 67 fotos, coloridas e preto e branco, de 12 fot\u00f3grafos em releituras de imagens tiradas pelo homenageado em sua carreira. &nbsp; Servi\u00e7o Data In\u00edcio: 01\/08\/2012 Data do T\u00e9rmino: 14\/08\/2012l Organizador: Fundec E-mail: eventos@fundecsorocaba.com.br Site:fundecsorocaba.com.br Mais informa\u00e7\u00f5es: Hor\u00e1rios: segunda a sexta-feira, das 8h \u00e0s 18h, e aos s\u00e1bados, das 8h \u00e0s 12h Entrada franca Endere\u00e7o:\u00a0Rua <\/p>\n","protected":false},"author":1,"featured_media":0,"comment_status":"open","ping_status":"closed","sticky":false,"template":"","format":"standard","meta":{"footnotes":""},"categories":[33],"tags":[14],"class_list":["post-1006","post","type-post","status-publish","format-standard","hentry","category-cultura-em-sorocaba","tag-sorocaba"],"_links":{"self":[{"href":"https:\/\/www.encontrasorocaba.com.br\/sobre\/wp-json\/wp\/v2\/posts\/1006","targetHints":{"allow":["GET"]}}],"collection":[{"href":"https:\/\/www.encontrasorocaba.com.br\/sobre\/wp-json\/wp\/v2\/posts"}],"about":[{"href":"https:\/\/www.encontrasorocaba.com.br\/sobre\/wp-json\/wp\/v2\/types\/post"}],"author":[{"embeddable":true,"href":"https:\/\/www.encontrasorocaba.com.br\/sobre\/wp-json\/wp\/v2\/users\/1"}],"replies":[{"embeddable":true,"href":"https:\/\/www.encontrasorocaba.com.br\/sobre\/wp-json\/wp\/v2\/comments?post=1006"}],"version-history":[{"count":0,"href":"https:\/\/www.encontrasorocaba.com.br\/sobre\/wp-json\/wp\/v2\/posts\/1006\/revisions"}],"wp:attachment":[{"href":"https:\/\/www.encontrasorocaba.com.br\/sobre\/wp-json\/wp\/v2\/media?parent=1006"}],"wp:term":[{"taxonomy":"category","embeddable":true,"href":"https:\/\/www.encontrasorocaba.com.br\/sobre\/wp-json\/wp\/v2\/categories?post=1006"},{"taxonomy":"post_tag","embeddable":true,"href":"https:\/\/www.encontrasorocaba.com.br\/sobre\/wp-json\/wp\/v2\/tags?post=1006"}],"curies":[{"name":"wp","href":"https:\/\/api.w.org\/{rel}","templated":true}]}}